{"id":13913,"date":"2026-08-31T10:45:00","date_gmt":"2026-08-31T08:45:00","guid":{"rendered":"https:\/\/optimaretail.eu\/?p=13913"},"modified":"2026-09-01T21:00:59","modified_gmt":"2026-09-01T19:00:59","slug":"types-de-vitrage-pour-vitrines-de-magasin-impact-facture-energetique","status":"publish","type":"post","link":"https:\/\/optimaretail.eu\/fr\/types-de-vitrage-pour-vitrines-de-magasin-impact-facture-energetique\/","title":{"rendered":"Types de vitrage pour vitrines de magasin : lequel choisir et son impact sur votre facture \u00e9nerg\u00e9tique"},"content":{"rendered":"\n<figure class=\"wp-block-image size-full aligncenter\" style=\"text-align:center\"><img decoding=\"async\" src=\"https:\/\/optimaretail.eu\/wp-content\/uploads\/Storefront_glass_window_thermal.jpeg\" alt=\"Vitrine commerciale avec vitrage \u00e0 haute efficacit\u00e9 \u00e9nerg\u00e9tique\" style=\"width:100%;height:auto;display:block;margin:0 auto;\"\/><\/figure>\n \n<p>La vitrine d&rsquo;un magasin n&rsquo;est pas seulement son \u00e9l\u00e9ment le plus visible. C&rsquo;est aussi l&rsquo;une des principales sources de d\u00e9perdition thermique du local. Bien choisir le type de vitrage a un impact direct sur la s\u00e9curit\u00e9 du local et sur la consommation de chauffage et de climatisation tout au long de l&rsquo;ann\u00e9e.<\/p>\n \n<p>Il existe trois grands types de vitrage pour les vitrines commerciales : le verre tremp\u00e9, le verre feuillet\u00e9 et le vitrage isolant. Chacun r\u00e9pond \u00e0 un besoin diff\u00e9rent : r\u00e9sistance aux chocs, s\u00e9curit\u00e9 anti-effraction ou \u00e9conomies d&rsquo;\u00e9nergie. De nombreuses vitrines combinent plusieurs de ces solutions au sein d&rsquo;un m\u00eame vitrage, ce que nous prenons en charge dans le cadre de notre <a href=\"https:\/\/optimaretail.eu\/fr\/servicios\/vitrerie\/\">service de vitrage commercial<\/a>.<\/p>\n \n<h2>Types de vitrage pour vitrines commerciales<\/h2>\n \n<h3>Verre tremp\u00e9<\/h3>\n<p>Le verre tremp\u00e9 subit un traitement thermique qui augmente sa r\u00e9sistance aux chocs et aux impacts. S&rsquo;il se brise, il se fragmente en petits morceaux peu coupants, ce qui r\u00e9duit le risque de blessures graves. C&rsquo;est un choix courant pour les vitrines situ\u00e9es dans des zones \u00e0 fort passage.<\/p>\n \n<h3>Verre feuillet\u00e9<\/h3>\n<p>Le verre feuillet\u00e9 est compos\u00e9 de deux couches de verre ou plus, assembl\u00e9es avec un intercalaire (g\u00e9n\u00e9ralement en PVB). Lorsqu&rsquo;il se brise, les fragments restent coll\u00e9s \u00e0 cet intercalaire et le vitrage reste maintenu dans son cadre. Cette propri\u00e9t\u00e9 le rend particuli\u00e8rement adapt\u00e9 pour dissuader les tentatives d&rsquo;effraction ou de vandalisme, car il reste en place m\u00eame apr\u00e8s l&rsquo;impact.<\/p>\n \n<h3>Vitrage isolant<\/h3>\n<p>Le vitrage isolant associe deux vitres s\u00e9par\u00e9es par une lame d&rsquo;air ou de gaz inerte (comme l&rsquo;argon). Cette lame agit comme un isolant et r\u00e9duit le transfert de chaleur entre l&rsquo;int\u00e9rieur et l&rsquo;ext\u00e9rieur du local. C&rsquo;est la solution de r\u00e9f\u00e9rence lorsque l&rsquo;objectif principal est de r\u00e9duire la consommation \u00e9nerg\u00e9tique de la vitrine.<\/p>\n \n<table>\n  <thead>\n    <tr>\n      <th>Type de vitrage<\/th>\n      <th>R\u00e9sistance aux chocs<\/th>\n      <th>Comportement \u00e0 la casse<\/th>\n      <th>Apporte une isolation thermique<\/th>\n      <th>Usage principal en retail<\/th>\n    <\/tr>\n  <\/thead>\n  <tbody>\n    <tr>\n      <td>Verre tremp\u00e9<\/td>\n      <td>\u00c9lev\u00e9e<\/td>\n      <td>Petits fragments peu coupants<\/td>\n      <td>Pas de fa\u00e7on significative<\/td>\n      <td>Protection contre les chocs accidentels<\/td>\n    <\/tr>\n    <tr>\n      <td>Verre feuillet\u00e9<\/td>\n      <td>Moyenne \u00e0 \u00e9lev\u00e9e<\/td>\n      <td>Reste intact apr\u00e8s la casse<\/td>\n      <td>Pas de fa\u00e7on significative<\/td>\n      <td>Protection anti-effraction et anti-vandalisme<\/td>\n    <\/tr>\n    <tr>\n      <td>Vitrage isolant<\/td>\n      <td>D\u00e9pend du verre int\u00e9rieur utilis\u00e9<\/td>\n      <td>D\u00e9pend du verre int\u00e9rieur utilis\u00e9<\/td>\n      <td>Oui, notablement<\/td>\n      <td>\u00c9conomies d&rsquo;\u00e9nergie et confort thermique<\/td>\n    <\/tr>\n  <\/tbody>\n<\/table>\n \n<h2>Verre tremp\u00e9 ou verre feuillet\u00e9 : quelle est la diff\u00e9rence ?<\/h2>\n \n<p>La principale diff\u00e9rence entre le verre tremp\u00e9 et le verre feuillet\u00e9 r\u00e9side dans leur comportement \u00e0 la casse. Le verre tremp\u00e9 se fragmente en petits morceaux s\u00e9par\u00e9s. Le verre feuillet\u00e9 reste assembl\u00e9 gr\u00e2ce \u00e0 son intercalaire int\u00e9rieur, m\u00eame apr\u00e8s l&rsquo;impact.<\/p>\n \n<p>Pour les vitrines exposant une marchandise de forte valeur ou ayant d\u00e9j\u00e0 subi des tentatives d&rsquo;effraction, le verre feuillet\u00e9 est g\u00e9n\u00e9ralement l&rsquo;option la plus recommand\u00e9e, car il maintient une barri\u00e8re physique m\u00eame une fois le verre bris\u00e9. Pour les zones expos\u00e9es \u00e0 des chocs accidentels sans cet enjeu de s\u00e9curit\u00e9 anti-effraction, le verre tremp\u00e9 constitue une alternative plus \u00e9conomique.<\/p>\n \n<h2>Qu&rsquo;est-ce que le verre \u00e0 faible \u00e9missivit\u00e9 et pourquoi est-il important pour une vitrine ?<\/h2>\n \n<p>Le verre \u00e0 faible \u00e9missivit\u00e9 (aussi appel\u00e9 verre low-E) est un verre recouvert d&rsquo;une couche tr\u00e8s fine d&rsquo;oxydes m\u00e9talliques qui r\u00e9fl\u00e9chit une partie du rayonnement thermique. Cette couche laisse passer la lumi\u00e8re visible tout en r\u00e9duisant les pertes de chaleur en hiver et l&rsquo;entr\u00e9e de chaleur en \u00e9t\u00e9.<\/p>\n \n<p>Dans une vitrine commerciale, cet effet a un impact direct sur la facture \u00e9nerg\u00e9tique. Un local dont la vitrine est \u00e9clair\u00e9e et climatis\u00e9e entre 10 et 12 heures par jour transforme la moindre fuite thermique en co\u00fbt quotidien. Remplacer un verre standard par un verre \u00e0 faible \u00e9missivit\u00e9, g\u00e9n\u00e9ralement int\u00e9gr\u00e9 dans un vitrage isolant, r\u00e9duit cette fuite et all\u00e8ge le travail du syst\u00e8me de climatisation.<\/p>\n \n<p>Cette solution ne modifie pas l&rsquo;aspect de la vitrine et ne r\u00e9duit pas la luminosit\u00e9 naturelle \u00e0 l&rsquo;int\u00e9rieur. Son effet est purement thermique, elle ne compromet donc pas la visibilit\u00e9 des produits expos\u00e9s.<\/p>\n \n<p>Ce type d&rsquo;am\u00e9lioration du vitrage a \u00e9galement une incidence sur la classification \u00e9nerg\u00e9tique du local. Pour comprendre comment cette consommation est \u00e9valu\u00e9e et quels documents sont n\u00e9cessaires, consultez notre <a href=\"https:\/\/optimaretail.eu\/fr\/guide-certificat-energetique-commerces-retail-espagne\/\">guide sur le certificat \u00e9nerg\u00e9tique pour les commerces retail en Espagne<\/a>.<\/p>\n \n<h2>Comment choisir le vitrage adapt\u00e9 \u00e0 votre vitrine<\/h2>\n \n<p>Le choix du vitrage d\u00e9pend de trois facteurs : le niveau d&rsquo;exposition du local, l&rsquo;objectif prioritaire (s\u00e9curit\u00e9 ou \u00e9conomies d&rsquo;\u00e9nergie), et le fait qu&rsquo;il s&rsquo;agisse d&rsquo;un magasin isol\u00e9 ou d&rsquo;un r\u00e9seau de plusieurs points de vente.<\/p>\n \n<ul>\n  <li><strong>Locaux situ\u00e9s dans des zones \u00e0 fort passage ou ayant d\u00e9j\u00e0 subi des bris :<\/strong> verre feuillet\u00e9 ou verre tremp\u00e9 de s\u00e9curit\u00e9.<\/li>\n  <li><strong>Locaux avec climatisation intensive ou factures \u00e9nerg\u00e9tiques \u00e9lev\u00e9es :<\/strong> vitrage isolant avec verre \u00e0 faible \u00e9missivit\u00e9.<\/li>\n  <li><strong>Cha\u00eenes et franchises disposant de plusieurs locaux :<\/strong> il est conseill\u00e9 d&rsquo;harmoniser le crit\u00e8re de vitrage sur tout le r\u00e9seau, afin que chaque magasin conserve le m\u00eame niveau de s\u00e9curit\u00e9 et d&rsquo;efficacit\u00e9 \u00e9nerg\u00e9tique, quelle que soit sa localisation.<\/li>\n<\/ul>\n \n<p>Dans de nombreux cas, la solution la plus efficace combine plusieurs de ces propri\u00e9t\u00e9s au sein d&rsquo;un m\u00eame vitrage : par exemple, un vitrage isolant avec un verre feuillet\u00e9 de s\u00e9curit\u00e9 sur la face ext\u00e9rieure et un verre \u00e0 faible \u00e9missivit\u00e9 sur la face int\u00e9rieure. Standardiser ce type de d\u00e9cisions sur l&rsquo;ensemble du r\u00e9seau est \u00e9galement l&rsquo;un des moyens les plus efficaces de <a href=\"https:\/\/optimaretail.eu\/fr\/reduction-des-couts-de-maintenance\/\">r\u00e9duire les co\u00fbts de maintenance<\/a> sur le long terme.<\/p>\n \n<h2>Questions fr\u00e9quentes<\/h2>\n \n<p><strong>Le verre \u00e0 faible \u00e9missivit\u00e9 est-il plus cher qu&rsquo;un vitrage standard ?<\/strong><br>\nOui, son co\u00fbt initial est sup\u00e9rieur \u00e0 celui d&rsquo;un vitrage standard. Ce surco\u00fbt est compens\u00e9 dans le temps gr\u00e2ce \u00e0 la r\u00e9duction de la consommation de chauffage et de climatisation, en particulier dans les locaux dont la vitrine fonctionne de nombreuses heures par jour.<\/p>\n \n<p><strong>Peut-on installer un verre \u00e0 faible \u00e9missivit\u00e9 sur une vitrine d\u00e9j\u00e0 existante ?<\/strong><br>\nCela d\u00e9pend de la structure actuelle de la vitrine. Dans la plupart des cas, il faut remplacer l&rsquo;ensemble du vitrage par une unit\u00e9 \u00e0 double vitre int\u00e9grant le traitement \u00e0 faible \u00e9missivit\u00e9, ce traitement \u00e9tant appliqu\u00e9 lors de la fabrication du verre.<\/p>\n \n<p><strong>Le vitrage de s\u00e9curit\u00e9 (tremp\u00e9 ou feuillet\u00e9) aide-t-il aussi \u00e0 isoler thermiquement ?<\/strong><br>\nPas de fa\u00e7on significative \u00e0 lui seul. L&rsquo;isolation thermique d\u00e9pend principalement de la lame d&rsquo;air du vitrage isolant et du traitement \u00e0 faible \u00e9missivit\u00e9, et non du type de traitement de s\u00e9curit\u00e9 appliqu\u00e9 au verre.<\/p>\n \n<p><strong>Un type de vitrage particulier est-il obligatoire pour une vitrine commerciale ?<\/strong><br>\nLa r\u00e9glementation n&rsquo;impose pas un type de vitrage pr\u00e9cis dans tous les cas, mais elle fixe des exigences de s\u00e9curit\u00e9 selon la localisation et le niveau de risque du local. Il est conseill\u00e9 d&rsquo;examiner chaque cas avec un sp\u00e9cialiste afin de garantir la conformit\u00e9 r\u00e9glementaire du vitrage install\u00e9.<\/p>\n \n<div class=\"wp-block-button is-style-fill\"><a class=\"wp-block-button__link has-white-color has-text-color has-background has-link-color has-custom-font-size wp-element-button\" href=\"https:\/\/optimaretail.eu\/fr\/demander-un-devis\/\" style=\"background-color:#0086ff;font-size:15px\" target=\"_blank\" rel=\"noreferrer noopener\">DEMANDER UN DEVIS<\/a><\/div>\n","protected":false},"excerpt":{"rendered":"<p>La vitrine d&rsquo;un magasin n&rsquo;est pas seulement son \u00e9l\u00e9ment le plus visible. C&rsquo;est aussi l&rsquo;une des principales sources de d\u00e9perdition thermique du local. Bien choisir le type de vitrage a un impact direct sur la s\u00e9curit\u00e9 du local et sur la consommation de chauffage et de climatisation tout au long de l&rsquo;ann\u00e9e. Il existe trois [&hellip;]<\/p>\n","protected":false},"author":7,"featured_media":13898,"comment_status":"open","ping_status":"closed","sticky":false,"template":"","format":"standard","meta":{"_acf_changed":false,"rop_custom_images_group":[],"rop_custom_messages_group":[],"rop_publish_now":"initial","rop_publish_now_accounts":{"facebook_122097394580933375_751730124684203":""},"rop_publish_now_history":[],"rop_publish_now_status":"pending","footnotes":""},"categories":[67],"tags":[],"class_list":["post-13913","post","type-post","status-publish","format-standard","has-post-thumbnail","hentry","category-maintenance-et-operations-de-vente-au-detail"],"acf":[],"yoast_head":"<!-- This site is optimized with the Yoast SEO plugin v28.3 - https:\/\/yoast.com\/product\/yoast-seo-wordpress\/ -->\n<title>Types de vitrage pour vitrines de magasin : impact sur votre facture \u00e9nerg\u00e9tique<\/title>\n<meta name=\"description\" content=\"D\u00e9couvrez les types de vitrage pour vitrines commerciales et les solutions qui r\u00e9duisent votre facture \u00e9nerg\u00e9tique. Verre tremp\u00e9, feuillet\u00e9 et \u00e0 faible \u00e9missivit\u00e9 expliqu\u00e9s\" \/>\n<meta name=\"robots\" content=\"index, follow, max-snippet:-1, max-image-preview:large, max-video-preview:-1\" \/>\n<link rel=\"canonical\" href=\"https:\/\/optimaretail.eu\/fr\/types-de-vitrage-pour-vitrines-de-magasin-impact-facture-energetique\/\" \/>\n<meta property=\"og:locale\" content=\"fr_FR\" \/>\n<meta property=\"og:type\" content=\"article\" \/>\n<meta property=\"og:title\" content=\"Types de vitrage pour vitrines de magasin : impact sur votre facture \u00e9nerg\u00e9tique\" \/>\n<meta property=\"og:description\" content=\"D\u00e9couvrez les types de vitrage pour vitrines commerciales et les solutions qui r\u00e9duisent votre facture \u00e9nerg\u00e9tique. Verre tremp\u00e9, feuillet\u00e9 et \u00e0 faible \u00e9missivit\u00e9 expliqu\u00e9s\" \/>\n<meta property=\"og:url\" content=\"https:\/\/optimaretail.eu\/fr\/types-de-vitrage-pour-vitrines-de-magasin-impact-facture-energetique\/\" \/>\n<meta property=\"og:site_name\" content=\"Optima Retail\" \/>\n<meta property=\"article:publisher\" content=\"https:\/\/www.facebook.com\/people\/Optima-Retail-SL\/61578005819425\/\" \/>\n<meta property=\"article:published_time\" content=\"2026-08-31T08:45:00+00:00\" \/>\n<meta property=\"article:modified_time\" content=\"2026-09-01T19:00:59+00:00\" \/>\n<meta property=\"og:image\" content=\"https:\/\/optimaretail.eu\/wp-content\/uploads\/Tipos-de-cristal-para-ahorrar-factura-energetica.jpg\" \/>\n\t<meta property=\"og:image:width\" content=\"800\" \/>\n\t<meta property=\"og:image:height\" content=\"400\" \/>\n\t<meta property=\"og:image:type\" content=\"image\/jpeg\" \/>\n<meta name=\"author\" content=\"Eduard Garcia\" \/>\n<meta name=\"twitter:card\" content=\"summary_large_image\" \/>\n<meta name=\"twitter:label1\" content=\"Written by\" \/>\n\t<meta name=\"twitter:data1\" content=\"Eduard Garcia\" \/>\n\t<meta name=\"twitter:label2\" content=\"Est. reading time\" \/>\n\t<meta name=\"twitter:data2\" content=\"6 minutes\" \/>\n<script type=\"application\/ld+json\" class=\"yoast-schema-graph\">{\"@context\":\"https:\\\/\\\/schema.org\",\"@graph\":[{\"@type\":\"Article\",\"@id\":\"https:\\\/\\\/optimaretail.eu\\\/fr\\\/types-de-vitrage-pour-vitrines-de-magasin-impact-facture-energetique\\\/#article\",\"isPartOf\":{\"@id\":\"https:\\\/\\\/optimaretail.eu\\\/fr\\\/types-de-vitrage-pour-vitrines-de-magasin-impact-facture-energetique\\\/\"},\"author\":{\"name\":\"Eduard Garcia\",\"@id\":\"https:\\\/\\\/optimaretail.eu\\\/fr\\\/#\\\/schema\\\/person\\\/bb7a375256f576c50d080b46be6cd401\"},\"headline\":\"Types de vitrage pour vitrines de magasin : lequel choisir et son impact sur votre facture \u00e9nerg\u00e9tique\",\"datePublished\":\"2026-08-31T08:45:00+00:00\",\"dateModified\":\"2026-09-01T19:00:59+00:00\",\"mainEntityOfPage\":{\"@id\":\"https:\\\/\\\/optimaretail.eu\\\/fr\\\/types-de-vitrage-pour-vitrines-de-magasin-impact-facture-energetique\\\/\"},\"wordCount\":1234,\"commentCount\":0,\"publisher\":{\"@id\":\"https:\\\/\\\/optimaretail.eu\\\/fr\\\/#organization\"},\"image\":{\"@id\":\"https:\\\/\\\/optimaretail.eu\\\/fr\\\/types-de-vitrage-pour-vitrines-de-magasin-impact-facture-energetique\\\/#primaryimage\"},\"thumbnailUrl\":\"https:\\\/\\\/optimaretail.eu\\\/wp-content\\\/uploads\\\/Tipos-de-cristal-para-ahorrar-factura-energetica.jpg\",\"articleSection\":[\"Maintenance et op\u00e9rations de vente au d\u00e9tail\"],\"inLanguage\":\"fr-FR\",\"potentialAction\":[{\"@type\":\"CommentAction\",\"name\":\"Comment\",\"target\":[\"https:\\\/\\\/optimaretail.eu\\\/fr\\\/types-de-vitrage-pour-vitrines-de-magasin-impact-facture-energetique\\\/#respond\"]}]},{\"@type\":\"WebPage\",\"@id\":\"https:\\\/\\\/optimaretail.eu\\\/fr\\\/types-de-vitrage-pour-vitrines-de-magasin-impact-facture-energetique\\\/\",\"url\":\"https:\\\/\\\/optimaretail.eu\\\/fr\\\/types-de-vitrage-pour-vitrines-de-magasin-impact-facture-energetique\\\/\",\"name\":\"Types de vitrage pour vitrines de magasin : impact sur votre facture \u00e9nerg\u00e9tique\",\"isPartOf\":{\"@id\":\"https:\\\/\\\/optimaretail.eu\\\/fr\\\/#website\"},\"primaryImageOfPage\":{\"@id\":\"https:\\\/\\\/optimaretail.eu\\\/fr\\\/types-de-vitrage-pour-vitrines-de-magasin-impact-facture-energetique\\\/#primaryimage\"},\"image\":{\"@id\":\"https:\\\/\\\/optimaretail.eu\\\/fr\\\/types-de-vitrage-pour-vitrines-de-magasin-impact-facture-energetique\\\/#primaryimage\"},\"thumbnailUrl\":\"https:\\\/\\\/optimaretail.eu\\\/wp-content\\\/uploads\\\/Tipos-de-cristal-para-ahorrar-factura-energetica.jpg\",\"datePublished\":\"2026-08-31T08:45:00+00:00\",\"dateModified\":\"2026-09-01T19:00:59+00:00\",\"description\":\"D\u00e9couvrez les types de vitrage pour vitrines commerciales et les solutions qui r\u00e9duisent votre facture \u00e9nerg\u00e9tique. Verre tremp\u00e9, feuillet\u00e9 et \u00e0 faible \u00e9missivit\u00e9 expliqu\u00e9s\",\"breadcrumb\":{\"@id\":\"https:\\\/\\\/optimaretail.eu\\\/fr\\\/types-de-vitrage-pour-vitrines-de-magasin-impact-facture-energetique\\\/#breadcrumb\"},\"inLanguage\":\"fr-FR\",\"potentialAction\":[{\"@type\":\"ReadAction\",\"target\":[\"https:\\\/\\\/optimaretail.eu\\\/fr\\\/types-de-vitrage-pour-vitrines-de-magasin-impact-facture-energetique\\\/\"]}]},{\"@type\":\"ImageObject\",\"inLanguage\":\"fr-FR\",\"@id\":\"https:\\\/\\\/optimaretail.eu\\\/fr\\\/types-de-vitrage-pour-vitrines-de-magasin-impact-facture-energetique\\\/#primaryimage\",\"url\":\"https:\\\/\\\/optimaretail.eu\\\/wp-content\\\/uploads\\\/Tipos-de-cristal-para-ahorrar-factura-energetica.jpg\",\"contentUrl\":\"https:\\\/\\\/optimaretail.eu\\\/wp-content\\\/uploads\\\/Tipos-de-cristal-para-ahorrar-factura-energetica.jpg\",\"width\":800,\"height\":400,\"caption\":\"Tipos de cristal para ahorrar factura energ\u00e9tica\"},{\"@type\":\"BreadcrumbList\",\"@id\":\"https:\\\/\\\/optimaretail.eu\\\/fr\\\/types-de-vitrage-pour-vitrines-de-magasin-impact-facture-energetique\\\/#breadcrumb\",\"itemListElement\":[{\"@type\":\"ListItem\",\"position\":1,\"name\":\"Optima Retail\",\"item\":\"https:\\\/\\\/optimaretail.eu\\\/fr\\\/\"},{\"@type\":\"ListItem\",\"position\":2,\"name\":\"Types de vitrage pour vitrines de magasin : lequel choisir et son impact sur votre facture \u00e9nerg\u00e9tique\"}]},{\"@type\":\"WebSite\",\"@id\":\"https:\\\/\\\/optimaretail.eu\\\/fr\\\/#website\",\"url\":\"https:\\\/\\\/optimaretail.eu\\\/fr\\\/\",\"name\":\"Optima Retail\",\"description\":\"Maintenance de d\u00e9tail\",\"publisher\":{\"@id\":\"https:\\\/\\\/optimaretail.eu\\\/fr\\\/#organization\"},\"potentialAction\":[{\"@type\":\"SearchAction\",\"target\":{\"@type\":\"EntryPoint\",\"urlTemplate\":\"https:\\\/\\\/optimaretail.eu\\\/fr\\\/?s={search_term_string}\"},\"query-input\":{\"@type\":\"PropertyValueSpecification\",\"valueRequired\":true,\"valueName\":\"search_term_string\"}}],\"inLanguage\":\"fr-FR\"},{\"@type\":\"Organization\",\"@id\":\"https:\\\/\\\/optimaretail.eu\\\/fr\\\/#organization\",\"name\":\"Optima Retail\",\"url\":\"https:\\\/\\\/optimaretail.eu\\\/fr\\\/\",\"logo\":{\"@type\":\"ImageObject\",\"inLanguage\":\"fr-FR\",\"@id\":\"https:\\\/\\\/optimaretail.eu\\\/fr\\\/#\\\/schema\\\/logo\\\/image\\\/\",\"url\":\"https:\\\/\\\/optimaretail.eu\\\/wp-content\\\/uploads\\\/2025\\\/02\\\/kit-por-defecto.svg\",\"contentUrl\":\"https:\\\/\\\/optimaretail.eu\\\/wp-content\\\/uploads\\\/2025\\\/02\\\/kit-por-defecto.svg\",\"width\":499,\"height\":93,\"caption\":\"Optima Retail\"},\"image\":{\"@id\":\"https:\\\/\\\/optimaretail.eu\\\/fr\\\/#\\\/schema\\\/logo\\\/image\\\/\"},\"sameAs\":[\"https:\\\/\\\/www.facebook.com\\\/people\\\/Optima-Retail-SL\\\/61578005819425\\\/\"]},{\"@type\":\"Person\",\"@id\":\"https:\\\/\\\/optimaretail.eu\\\/fr\\\/#\\\/schema\\\/person\\\/bb7a375256f576c50d080b46be6cd401\",\"name\":\"Eduard Garcia\",\"sameAs\":[\"https:\\\/\\\/rodanet.com\\\/\"]}]}<\/script>\n<!-- \/ Yoast SEO plugin. -->","yoast_head_json":{"title":"Types de vitrage pour vitrines de magasin : impact sur votre facture \u00e9nerg\u00e9tique","description":"D\u00e9couvrez les types de vitrage pour vitrines commerciales et les solutions qui r\u00e9duisent votre facture \u00e9nerg\u00e9tique. Verre tremp\u00e9, feuillet\u00e9 et \u00e0 faible \u00e9missivit\u00e9 expliqu\u00e9s","robots":{"index":"index","follow":"follow","max-snippet":"max-snippet:-1","max-image-preview":"max-image-preview:large","max-video-preview":"max-video-preview:-1"},"canonical":"https:\/\/optimaretail.eu\/fr\/types-de-vitrage-pour-vitrines-de-magasin-impact-facture-energetique\/","og_locale":"fr_FR","og_type":"article","og_title":"Types de vitrage pour vitrines de magasin : impact sur votre facture \u00e9nerg\u00e9tique","og_description":"D\u00e9couvrez les types de vitrage pour vitrines commerciales et les solutions qui r\u00e9duisent votre facture \u00e9nerg\u00e9tique. Verre tremp\u00e9, feuillet\u00e9 et \u00e0 faible \u00e9missivit\u00e9 expliqu\u00e9s","og_url":"https:\/\/optimaretail.eu\/fr\/types-de-vitrage-pour-vitrines-de-magasin-impact-facture-energetique\/","og_site_name":"Optima Retail","article_publisher":"https:\/\/www.facebook.com\/people\/Optima-Retail-SL\/61578005819425\/","article_published_time":"2026-08-31T08:45:00+00:00","article_modified_time":"2026-09-01T19:00:59+00:00","og_image":[{"width":800,"height":400,"url":"https:\/\/optimaretail.eu\/wp-content\/uploads\/Tipos-de-cristal-para-ahorrar-factura-energetica.jpg","type":"image\/jpeg"}],"author":"Eduard Garcia","twitter_card":"summary_large_image","twitter_misc":{"Written by":"Eduard Garcia","Est. reading time":"6 minutes"},"schema":{"@context":"https:\/\/schema.org","@graph":[{"@type":"Article","@id":"https:\/\/optimaretail.eu\/fr\/types-de-vitrage-pour-vitrines-de-magasin-impact-facture-energetique\/#article","isPartOf":{"@id":"https:\/\/optimaretail.eu\/fr\/types-de-vitrage-pour-vitrines-de-magasin-impact-facture-energetique\/"},"author":{"name":"Eduard Garcia","@id":"https:\/\/optimaretail.eu\/fr\/#\/schema\/person\/bb7a375256f576c50d080b46be6cd401"},"headline":"Types de vitrage pour vitrines de magasin : lequel choisir et son impact sur votre facture \u00e9nerg\u00e9tique","datePublished":"2026-08-31T08:45:00+00:00","dateModified":"2026-09-01T19:00:59+00:00","mainEntityOfPage":{"@id":"https:\/\/optimaretail.eu\/fr\/types-de-vitrage-pour-vitrines-de-magasin-impact-facture-energetique\/"},"wordCount":1234,"commentCount":0,"publisher":{"@id":"https:\/\/optimaretail.eu\/fr\/#organization"},"image":{"@id":"https:\/\/optimaretail.eu\/fr\/types-de-vitrage-pour-vitrines-de-magasin-impact-facture-energetique\/#primaryimage"},"thumbnailUrl":"https:\/\/optimaretail.eu\/wp-content\/uploads\/Tipos-de-cristal-para-ahorrar-factura-energetica.jpg","articleSection":["Maintenance et op\u00e9rations de vente au d\u00e9tail"],"inLanguage":"fr-FR","potentialAction":[{"@type":"CommentAction","name":"Comment","target":["https:\/\/optimaretail.eu\/fr\/types-de-vitrage-pour-vitrines-de-magasin-impact-facture-energetique\/#respond"]}]},{"@type":"WebPage","@id":"https:\/\/optimaretail.eu\/fr\/types-de-vitrage-pour-vitrines-de-magasin-impact-facture-energetique\/","url":"https:\/\/optimaretail.eu\/fr\/types-de-vitrage-pour-vitrines-de-magasin-impact-facture-energetique\/","name":"Types de vitrage pour vitrines de magasin : impact sur votre facture \u00e9nerg\u00e9tique","isPartOf":{"@id":"https:\/\/optimaretail.eu\/fr\/#website"},"primaryImageOfPage":{"@id":"https:\/\/optimaretail.eu\/fr\/types-de-vitrage-pour-vitrines-de-magasin-impact-facture-energetique\/#primaryimage"},"image":{"@id":"https:\/\/optimaretail.eu\/fr\/types-de-vitrage-pour-vitrines-de-magasin-impact-facture-energetique\/#primaryimage"},"thumbnailUrl":"https:\/\/optimaretail.eu\/wp-content\/uploads\/Tipos-de-cristal-para-ahorrar-factura-energetica.jpg","datePublished":"2026-08-31T08:45:00+00:00","dateModified":"2026-09-01T19:00:59+00:00","description":"D\u00e9couvrez les types de vitrage pour vitrines commerciales et les solutions qui r\u00e9duisent votre facture \u00e9nerg\u00e9tique. Verre tremp\u00e9, feuillet\u00e9 et \u00e0 faible \u00e9missivit\u00e9 expliqu\u00e9s","breadcrumb":{"@id":"https:\/\/optimaretail.eu\/fr\/types-de-vitrage-pour-vitrines-de-magasin-impact-facture-energetique\/#breadcrumb"},"inLanguage":"fr-FR","potentialAction":[{"@type":"ReadAction","target":["https:\/\/optimaretail.eu\/fr\/types-de-vitrage-pour-vitrines-de-magasin-impact-facture-energetique\/"]}]},{"@type":"ImageObject","inLanguage":"fr-FR","@id":"https:\/\/optimaretail.eu\/fr\/types-de-vitrage-pour-vitrines-de-magasin-impact-facture-energetique\/#primaryimage","url":"https:\/\/optimaretail.eu\/wp-content\/uploads\/Tipos-de-cristal-para-ahorrar-factura-energetica.jpg","contentUrl":"https:\/\/optimaretail.eu\/wp-content\/uploads\/Tipos-de-cristal-para-ahorrar-factura-energetica.jpg","width":800,"height":400,"caption":"Tipos de cristal para ahorrar factura energ\u00e9tica"},{"@type":"BreadcrumbList","@id":"https:\/\/optimaretail.eu\/fr\/types-de-vitrage-pour-vitrines-de-magasin-impact-facture-energetique\/#breadcrumb","itemListElement":[{"@type":"ListItem","position":1,"name":"Optima Retail","item":"https:\/\/optimaretail.eu\/fr\/"},{"@type":"ListItem","position":2,"name":"Types de vitrage pour vitrines de magasin : lequel choisir et son impact sur votre facture \u00e9nerg\u00e9tique"}]},{"@type":"WebSite","@id":"https:\/\/optimaretail.eu\/fr\/#website","url":"https:\/\/optimaretail.eu\/fr\/","name":"Optima Retail","description":"Maintenance de d\u00e9tail","publisher":{"@id":"https:\/\/optimaretail.eu\/fr\/#organization"},"potentialAction":[{"@type":"SearchAction","target":{"@type":"EntryPoint","urlTemplate":"https:\/\/optimaretail.eu\/fr\/?s={search_term_string}"},"query-input":{"@type":"PropertyValueSpecification","valueRequired":true,"valueName":"search_term_string"}}],"inLanguage":"fr-FR"},{"@type":"Organization","@id":"https:\/\/optimaretail.eu\/fr\/#organization","name":"Optima Retail","url":"https:\/\/optimaretail.eu\/fr\/","logo":{"@type":"ImageObject","inLanguage":"fr-FR","@id":"https:\/\/optimaretail.eu\/fr\/#\/schema\/logo\/image\/","url":"https:\/\/optimaretail.eu\/wp-content\/uploads\/2025\/02\/kit-por-defecto.svg","contentUrl":"https:\/\/optimaretail.eu\/wp-content\/uploads\/2025\/02\/kit-por-defecto.svg","width":499,"height":93,"caption":"Optima Retail"},"image":{"@id":"https:\/\/optimaretail.eu\/fr\/#\/schema\/logo\/image\/"},"sameAs":["https:\/\/www.facebook.com\/people\/Optima-Retail-SL\/61578005819425\/"]},{"@type":"Person","@id":"https:\/\/optimaretail.eu\/fr\/#\/schema\/person\/bb7a375256f576c50d080b46be6cd401","name":"Eduard Garcia","sameAs":["https:\/\/rodanet.com\/"]}]}},"_links":{"self":[{"href":"https:\/\/optimaretail.eu\/fr\/wp-json\/wp\/v2\/posts\/13913","targetHints":{"allow":["GET"]}}],"collection":[{"href":"https:\/\/optimaretail.eu\/fr\/wp-json\/wp\/v2\/posts"}],"about":[{"href":"https:\/\/optimaretail.eu\/fr\/wp-json\/wp\/v2\/types\/post"}],"author":[{"embeddable":true,"href":"https:\/\/optimaretail.eu\/fr\/wp-json\/wp\/v2\/users\/7"}],"replies":[{"embeddable":true,"href":"https:\/\/optimaretail.eu\/fr\/wp-json\/wp\/v2\/comments?post=13913"}],"version-history":[{"count":1,"href":"https:\/\/optimaretail.eu\/fr\/wp-json\/wp\/v2\/posts\/13913\/revisions"}],"predecessor-version":[{"id":13917,"href":"https:\/\/optimaretail.eu\/fr\/wp-json\/wp\/v2\/posts\/13913\/revisions\/13917"}],"wp:featuredmedia":[{"embeddable":true,"href":"https:\/\/optimaretail.eu\/fr\/wp-json\/wp\/v2\/media\/13898"}],"wp:attachment":[{"href":"https:\/\/optimaretail.eu\/fr\/wp-json\/wp\/v2\/media?parent=13913"}],"wp:term":[{"taxonomy":"category","embeddable":true,"href":"https:\/\/optimaretail.eu\/fr\/wp-json\/wp\/v2\/categories?post=13913"},{"taxonomy":"post_tag","embeddable":true,"href":"https:\/\/optimaretail.eu\/fr\/wp-json\/wp\/v2\/tags?post=13913"}],"curies":[{"name":"wp","href":"https:\/\/api.w.org\/{rel}","templated":true}]}}