{"id":6416,"date":"2024-10-22T12:57:00","date_gmt":"2024-10-22T10:57:00","guid":{"rendered":"https:\/\/optima.yvonnefuertes.com\/?p=6416"},"modified":"2025-03-21T15:22:03","modified_gmt":"2025-03-21T14:22:03","slug":"ouvrir-magasins-dans-les-centres-commerciaux","status":"publish","type":"post","link":"https:\/\/optimaretail.eu\/fr\/ouvrir-magasins-dans-les-centres-commerciaux\/","title":{"rendered":"Le meilleur moment pour ouvrir des magasins dans les centres commerciaux"},"content":{"rendered":"\n<figure class=\"wp-block-image\"><img decoding=\"async\" src=\"https:\/\/optimaretail.eu\/wp-content\/uploads\/2025\/03\/now-is-the-best-time-to-open-stores-in-shopping-malls-2.jpg\" alt=\"center\"\/><\/figure>\n\n\n\n<p id=\"viewer-zkgjb5983\">Le secteur du retail subit une transformation que peu de personnes auraient pu pr\u00e9voir il y a quelques ann\u00e9es. Malgr\u00e9 l\u2019essor du commerce en ligne, les magasins physiques non seulement restent pertinents, mais connaissent \u00e9galement un renouveau dans les centres commerciaux.<\/p>\n\n\n\n<p id=\"viewer-940rk5677\">Avec un changement dans les habitudes de consommation et une demande croissante pour des exp\u00e9riences personnalis\u00e9es, <strong>c&rsquo;est le meilleur moment pour ouvrir des magasins dans les centres commerciaux<\/strong>.<\/p>\n\n\n\n<p id=\"viewer-rbli85578\">Dans cet article, nous vous expliquerons pourquoi cette opportunit\u00e9 est incomparable et comment <strong>Optima Retail<\/strong>, sp\u00e9cialiste des services complets de maintenance retail, peut vous aider \u00e0 en tirer le meilleur parti.<\/p>\n\n\n\n<p><a href=\"https:\/\/optiamretail.eu\/fr\/contacto\"><\/a><\/p>\n\n\n\n<div class=\"wp-block-buttons is-layout-flex wp-block-buttons-is-layout-flex\">\n<div class=\"wp-block-button has-custom-font-size is-style-fill\" style=\"font-size:15px\"><a class=\"wp-block-button__link has-white-color has-text-color has-background has-link-color wp-element-button\" href=\"https:\/\/optimaretail.eu\/fr\/demander-un-devis\/\" style=\"background-color:#0086ff\">DEMANDER UN DEVIS<\/a><\/div>\n<\/div>\n\n\n\n<h2 class=\"wp-block-heading\" id=\"viewer-127ww656\">La renaissance du retail physique: une nouvelle \u00e8re d&rsquo;exp\u00e9riences<\/h2>\n\n\n\n<figure class=\"wp-block-image\"><img decoding=\"async\" src=\"https:\/\/optimaretail.eu\/wp-content\/uploads\/2025\/03\/now-is-the-best-time-to-open-stores-in-shopping-malls.jpg\" alt=\"retail\"\/><\/figure>\n\n\n\n<p id=\"viewer-7q5c823\">Ces derni\u00e8res ann\u00e9es, le commerce physique a prouv\u00e9 sa r\u00e9silience face \u00e0 la croissance du commerce en ligne. Selon un rapport d\u2019Idealista\u200b, les consommateurs appr\u00e9cient de plus en plus les exp\u00e9riences que seul un magasin physique peut offrir.<\/p>\n\n\n\n<p id=\"viewer-77nq05229\">De l\u2019interaction directe avec les produits \u00e0 la possibilit\u00e9 de recevoir des conseils personnalis\u00e9s, le magasin physique reste une pierre angulaire de l\u2019exp\u00e9rience d\u2019achat.<\/p>\n\n\n\n<p id=\"viewer-n8mt6792\">De plus, les centres commerciaux \u00e9voluent pour s\u2019adapter aux nouvelles attentes des consommateurs. Ils deviennent des espaces o\u00f9 les achats se m\u00ealent aux loisirs et \u00e0 la gastronomie, offrant une exp\u00e9rience globale qui attire un public plus large.<\/p>\n\n\n\n<p id=\"viewer-yq43i5328\">Les marques qui profitent de ces espaces ont la possibilit\u00e9 de se connecter avec leurs clients de mani\u00e8re beaucoup plus efficace, assurant ainsi leur fid\u00e9lit\u00e9 \u00e0 long terme.<\/p>\n\n\n\n<blockquote class=\"wp-block-quote is-layout-flow wp-block-quote-is-layout-flow\">\n<p>Le magasin physique n&rsquo;est pas mort; il est plus vivant que jamais, port\u00e9 par la demande d&rsquo;exp\u00e9riences uniques et personnalis\u00e9es.<\/p>\n<\/blockquote>\n\n\n\n<h2 class=\"wp-block-heading\" id=\"viewer-1zfcd797\">Croissance de la consommation: un horizon positif pour le retail<\/h2>\n\n\n\n<p id=\"viewer-tqv5k799\">Selon El Economista\u200b, le secteur du retail pr\u00e9voit une forte croissance de la consommation cette ann\u00e9e, port\u00e9e par une am\u00e9lioration de l&rsquo;\u00e9conomie et une confiance accrue des consommateurs.<\/p>\n\n\n\n<p id=\"viewer-wrs3i4619\">Cela se traduit par une excellente opportunit\u00e9 pour les entreprises cherchant \u00e0 s\u2019\u00e9tendre ou \u00e0 ouvrir de nouveaux magasins dans les centres commerciaux. Les consommateurs sont plus dispos\u00e9s \u00e0 d\u00e9penser dans des exp\u00e9riences d&rsquo;achat qui leur apportent une valeur ajout\u00e9e, ce qui ne peut \u00eatre offert que dans un environnement physique.<\/p>\n\n\n\n<p id=\"viewer-jlapx801\">Cette augmentation de la consommation s&rsquo;accompagne d&rsquo;une demande accrue pour des magasins qui offrent des produits de qualit\u00e9 et une exp\u00e9rience m\u00e9morable.<\/p>\n\n\n\n<p id=\"viewer-8s5pu4896\">Les entreprises qui se d\u00e9marquent \u00e0 cet \u00e9gard ne se contenteront pas d\u2019attirer les clients au moment de l\u2019achat, mais parviendront \u00e9galement \u00e0 les fid\u00e9liser \u00e0 long terme.<\/p>\n\n\n\n<h2 class=\"wp-block-heading\" id=\"viewer-t25hu803\">Avantages d&rsquo;ouvrir des magasins dans les centres commerciaux aujourd&rsquo;hui<\/h2>\n\n\n\n<ul class=\"wp-block-list\">\n<li><strong>Affluence plus \u00e9lev\u00e9e<\/strong>&nbsp;: Les centres commerciaux sont des points de rencontre qui attirent un grand nombre de visiteurs quotidiennement.<\/li>\n<\/ul>\n\n\n\n<ul class=\"wp-block-list\">\n<li><strong>Exp\u00e9rience immersive<\/strong>&nbsp;: Ils offrent la possibilit\u00e9 de combiner la vente de produits avec des exp\u00e9riences de marque qui fid\u00e9lisent les clients.<\/li>\n<\/ul>\n\n\n\n<ul class=\"wp-block-list\">\n<li><strong>Espaces de haut niveau<\/strong>&nbsp;: Les investissements dans les infrastructures ont transform\u00e9 les centres commerciaux en lieux attrayants et modernes, avec des services de premier ordre.<\/li>\n<\/ul>\n\n\n\n<ul class=\"wp-block-list\">\n<li><strong>Synergie avec l&rsquo;e-commerce<\/strong>&nbsp;: Les magasins physiques ne concurrencent pas l&rsquo;e-commerce, mais le compl\u00e8tent, en servant de points de retrait et de retour pour les achats en ligne.<\/li>\n<\/ul>\n\n\n\n<p id=\"viewer-pu4k5822\">Les centres commerciaux se sont r\u00e9v\u00e9l\u00e9s \u00eatre bien plus que de simples espaces de vente ; ils sont devenus des plateformes o\u00f9 les marques peuvent interagir directement avec les consommateurs, g\u00e9n\u00e9rant des exp\u00e9riences pr\u00e9cieuses.<\/p>\n\n\n\n<h2 class=\"wp-block-heading\" id=\"viewer-n6x2x849\">Pourquoi maintenant est-il le meilleur moment pour ouvrir votre magasin?<\/h2>\n\n\n\n<p id=\"viewer-prft6851\">La demande d&rsquo;espaces dans les centres commerciaux est en plein essor, et les marques qui agissent maintenant peuvent obtenir des emplacements cl\u00e9s avant que les prix n&rsquo;augmentent encore davantage.<\/p>\n\n\n\n<p id=\"viewer-9vnxt2249\">Selon Expansi\u00f3n\u200b, le march\u00e9 immobilier commercial conna\u00eet une augmentation de la demande d\u2019espaces premium, stimul\u00e9e par la croissance de la consommation et un int\u00e9r\u00eat renouvel\u00e9 pour les magasins physiques.<\/p>\n\n\n\n<p id=\"viewer-8lfd7853\">De plus, ouvrir un magasin dans un centre commercial vous offre l&rsquo;avantage d&rsquo;\u00eatre entour\u00e9 par d&rsquo;autres marques qui attirent d\u00e9j\u00e0 votre public cible, facilitant ainsi l&rsquo;afflux de clients dans votre magasin.<\/p>\n\n\n\n<p id=\"viewer-o1uan2368\">Cet environnement propice aux achats, combin\u00e9 aux services de maintenance sp\u00e9cialis\u00e9s d&rsquo;<strong>Optima Retail<\/strong>, cr\u00e9e les conditions id\u00e9ales pour la r\u00e9ussite de votre entreprise.<\/p>\n\n\n\n<h3 class=\"wp-block-heading\" id=\"viewer-fnh7u857\">Points cl\u00e9s \u00e0 retenir:<\/h3>\n\n\n\n<ul class=\"wp-block-list\">\n<li><strong>Le retail physique est en plein renouveau<\/strong>&nbsp;: Les consommateurs recherchent des exp\u00e9riences au-del\u00e0 des achats en ligne.<\/li>\n<\/ul>\n\n\n\n<ul class=\"wp-block-list\">\n<li><strong>Les centres commerciaux sont des destinations de divertissement<\/strong>&nbsp;: Ils combinent shopping, loisirs et gastronomie.<\/li>\n<\/ul>\n\n\n\n<ul class=\"wp-block-list\">\n<li><strong>La consommation est en croissance<\/strong>&nbsp;: Profitez de la confiance accrue des consommateurs.<\/li>\n<\/ul>\n\n\n\n<p id=\"viewer-uv9rg878\">\u00cates-vous pr\u00eat \u00e0 porter votre entreprise \u00e0 un niveau sup\u00e9rieur ? Chez <strong>Optima Retail<\/strong>, nous vous proposons un service complet de maintenance retail adapt\u00e9 \u00e0 vos besoins. Demandez un <strong>devis personnalis\u00e9<\/strong>&nbsp;et d\u00e9couvrez comment nous pouvons vous aider \u00e0 maximiser le succ\u00e8s de votre magasin dans les centres commerciaux.<\/p>\n\n\n\n<p id=\"viewer-s6sci1967\"><strong>Contactez-nous d\u00e8s aujourd&rsquo;hui<\/strong>&nbsp;et commencez \u00e0 profiter des avantages d&rsquo;un espace toujours parfait pour vos clients!<\/p>\n\n\n\n<p><a href=\"https:\/\/optimaretail.eu\/fr\/contacto\"><\/a><\/p>\n\n\n\n<div class=\"wp-block-buttons is-layout-flex wp-block-buttons-is-layout-flex\">\n<div class=\"wp-block-button has-custom-font-size is-style-fill\" style=\"font-size:15px\"><a class=\"wp-block-button__link has-white-color has-text-color has-background has-link-color wp-element-button\" href=\"https:\/\/optimaretail.eu\/fr\/demander-un-devis\/\" style=\"background-color:#0086ff\">DEMANDER UN DEVIS<\/a><\/div>\n<\/div>\n","protected":false},"excerpt":{"rendered":"<p>Le secteur du retail subit une transformation que peu de personnes auraient pu pr\u00e9voir il y a quelques ann\u00e9es. Malgr\u00e9 l\u2019essor du commerce en ligne, les magasins physiques non seulement restent pertinents, mais connaissent \u00e9galement un renouveau dans les centres commerciaux. Avec un changement dans les habitudes de consommation et une demande croissante pour des [&hellip;]<\/p>\n","protected":false},"author":5,"featured_media":7930,"comment_status":"open","ping_status":"open","sticky":false,"template":"","format":"standard","meta":{"_acf_changed":false,"rop_custom_images_group":[],"rop_custom_messages_group":[],"rop_publish_now":"initial","rop_publish_now_accounts":{"facebook_122097394580933375_751730124684203":""},"rop_publish_now_history":[],"rop_publish_now_status":"pending","footnotes":""},"categories":[64],"tags":[],"class_list":["post-6416","post","type-post","status-publish","format-standard","has-post-thumbnail","hentry","category-strategies-de-vente-et-de-clientele"],"acf":[],"yoast_head":"<!-- This site is optimized with the Yoast SEO plugin v27.3 - https:\/\/yoast.com\/product\/yoast-seo-wordpress\/ -->\n<title>Le meilleur moment pour ouvrir des magasins dans les centres commerciaux | Optima Retail<\/title>\n<meta name=\"description\" content=\"Derni\u00e8res actualit\u00e9s sur Le meilleur moment pour ouvrir des magasins dans les centres commerciaux\" \/>\n<meta name=\"robots\" content=\"index, follow, max-snippet:-1, max-image-preview:large, max-video-preview:-1\" \/>\n<link rel=\"canonical\" href=\"https:\/\/optimaretail.eu\/fr\/ouvrir-magasins-dans-les-centres-commerciaux\/\" \/>\n<meta property=\"og:locale\" content=\"fr_FR\" \/>\n<meta property=\"og:type\" content=\"article\" \/>\n<meta property=\"og:title\" content=\"Le meilleur moment pour ouvrir des magasins dans les centres commerciaux | Optima Retail\" \/>\n<meta property=\"og:description\" content=\"Derni\u00e8res actualit\u00e9s sur Le meilleur moment pour ouvrir des magasins dans les centres commerciaux\" \/>\n<meta property=\"og:url\" content=\"https:\/\/optimaretail.eu\/fr\/ouvrir-magasins-dans-les-centres-commerciaux\/\" \/>\n<meta property=\"og:site_name\" content=\"Optima Retail\" \/>\n<meta property=\"article:publisher\" content=\"https:\/\/www.facebook.com\/people\/Optima-Retail-SL\/61578005819425\/\" \/>\n<meta property=\"article:published_time\" content=\"2024-10-22T10:57:00+00:00\" \/>\n<meta property=\"article:modified_time\" content=\"2025-03-21T14:22:03+00:00\" \/>\n<meta property=\"og:image\" content=\"https:\/\/optimaretail.eu\/wp-content\/uploads\/2024\/10\/el-mejor-momento-para-abrir-tiendas-en-centros-comerciales-2.jpg\" \/>\n\t<meta property=\"og:image:width\" content=\"800\" \/>\n\t<meta property=\"og:image:height\" content=\"400\" \/>\n\t<meta property=\"og:image:type\" content=\"image\/jpeg\" \/>\n<meta name=\"author\" content=\"Marketing\" \/>\n<meta name=\"twitter:card\" content=\"summary_large_image\" \/>\n<meta name=\"twitter:label1\" content=\"Written by\" \/>\n\t<meta name=\"twitter:data1\" content=\"Marketing\" \/>\n\t<meta name=\"twitter:label2\" content=\"Est. reading time\" \/>\n\t<meta name=\"twitter:data2\" content=\"4 minutes\" \/>\n<script type=\"application\/ld+json\" class=\"yoast-schema-graph\">{\"@context\":\"https:\\\/\\\/schema.org\",\"@graph\":[{\"@type\":\"Article\",\"@id\":\"https:\\\/\\\/optimaretail.eu\\\/fr\\\/ouvrir-magasins-dans-les-centres-commerciaux\\\/#article\",\"isPartOf\":{\"@id\":\"https:\\\/\\\/optimaretail.eu\\\/fr\\\/ouvrir-magasins-dans-les-centres-commerciaux\\\/\"},\"author\":{\"name\":\"Marketing\",\"@id\":\"https:\\\/\\\/optimaretail.eu\\\/fr\\\/#\\\/schema\\\/person\\\/df5f61697007f654d7ab48a34bbf825c\"},\"headline\":\"Le meilleur moment pour ouvrir des magasins dans les centres commerciaux\",\"datePublished\":\"2024-10-22T10:57:00+00:00\",\"dateModified\":\"2025-03-21T14:22:03+00:00\",\"mainEntityOfPage\":{\"@id\":\"https:\\\/\\\/optimaretail.eu\\\/fr\\\/ouvrir-magasins-dans-les-centres-commerciaux\\\/\"},\"wordCount\":859,\"commentCount\":0,\"publisher\":{\"@id\":\"https:\\\/\\\/optimaretail.eu\\\/fr\\\/#organization\"},\"image\":{\"@id\":\"https:\\\/\\\/optimaretail.eu\\\/fr\\\/ouvrir-magasins-dans-les-centres-commerciaux\\\/#primaryimage\"},\"thumbnailUrl\":\"https:\\\/\\\/optimaretail.eu\\\/wp-content\\\/uploads\\\/2024\\\/10\\\/el-mejor-momento-para-abrir-tiendas-en-centros-comerciales-2.jpg\",\"articleSection\":[\"Strat\u00e9gies de vente et de client\u00e8le\"],\"inLanguage\":\"fr-FR\",\"potentialAction\":[{\"@type\":\"CommentAction\",\"name\":\"Comment\",\"target\":[\"https:\\\/\\\/optimaretail.eu\\\/fr\\\/ouvrir-magasins-dans-les-centres-commerciaux\\\/#respond\"]}]},{\"@type\":\"WebPage\",\"@id\":\"https:\\\/\\\/optimaretail.eu\\\/fr\\\/ouvrir-magasins-dans-les-centres-commerciaux\\\/\",\"url\":\"https:\\\/\\\/optimaretail.eu\\\/fr\\\/ouvrir-magasins-dans-les-centres-commerciaux\\\/\",\"name\":\"Le meilleur moment pour ouvrir des magasins dans les centres commerciaux | Optima Retail\",\"isPartOf\":{\"@id\":\"https:\\\/\\\/optimaretail.eu\\\/fr\\\/#website\"},\"primaryImageOfPage\":{\"@id\":\"https:\\\/\\\/optimaretail.eu\\\/fr\\\/ouvrir-magasins-dans-les-centres-commerciaux\\\/#primaryimage\"},\"image\":{\"@id\":\"https:\\\/\\\/optimaretail.eu\\\/fr\\\/ouvrir-magasins-dans-les-centres-commerciaux\\\/#primaryimage\"},\"thumbnailUrl\":\"https:\\\/\\\/optimaretail.eu\\\/wp-content\\\/uploads\\\/2024\\\/10\\\/el-mejor-momento-para-abrir-tiendas-en-centros-comerciales-2.jpg\",\"datePublished\":\"2024-10-22T10:57:00+00:00\",\"dateModified\":\"2025-03-21T14:22:03+00:00\",\"description\":\"Derni\u00e8res actualit\u00e9s sur Le meilleur moment pour ouvrir des magasins dans les centres commerciaux\",\"breadcrumb\":{\"@id\":\"https:\\\/\\\/optimaretail.eu\\\/fr\\\/ouvrir-magasins-dans-les-centres-commerciaux\\\/#breadcrumb\"},\"inLanguage\":\"fr-FR\",\"potentialAction\":[{\"@type\":\"ReadAction\",\"target\":[\"https:\\\/\\\/optimaretail.eu\\\/fr\\\/ouvrir-magasins-dans-les-centres-commerciaux\\\/\"]}]},{\"@type\":\"ImageObject\",\"inLanguage\":\"fr-FR\",\"@id\":\"https:\\\/\\\/optimaretail.eu\\\/fr\\\/ouvrir-magasins-dans-les-centres-commerciaux\\\/#primaryimage\",\"url\":\"https:\\\/\\\/optimaretail.eu\\\/wp-content\\\/uploads\\\/2024\\\/10\\\/el-mejor-momento-para-abrir-tiendas-en-centros-comerciales-2.jpg\",\"contentUrl\":\"https:\\\/\\\/optimaretail.eu\\\/wp-content\\\/uploads\\\/2024\\\/10\\\/el-mejor-momento-para-abrir-tiendas-en-centros-comerciales-2.jpg\",\"width\":800,\"height\":400,\"caption\":\"Ouvrir Magasins Dans Les Centres Commerciaux\"},{\"@type\":\"BreadcrumbList\",\"@id\":\"https:\\\/\\\/optimaretail.eu\\\/fr\\\/ouvrir-magasins-dans-les-centres-commerciaux\\\/#breadcrumb\",\"itemListElement\":[{\"@type\":\"ListItem\",\"position\":1,\"name\":\"Optima Retail\",\"item\":\"https:\\\/\\\/optimaretail.eu\\\/fr\\\/\"},{\"@type\":\"ListItem\",\"position\":2,\"name\":\"Le meilleur moment pour ouvrir des magasins dans les centres commerciaux\"}]},{\"@type\":\"WebSite\",\"@id\":\"https:\\\/\\\/optimaretail.eu\\\/fr\\\/#website\",\"url\":\"https:\\\/\\\/optimaretail.eu\\\/fr\\\/\",\"name\":\"Optima Retail\",\"description\":\"Maintenance de d\u00e9tail\",\"publisher\":{\"@id\":\"https:\\\/\\\/optimaretail.eu\\\/fr\\\/#organization\"},\"potentialAction\":[{\"@type\":\"SearchAction\",\"target\":{\"@type\":\"EntryPoint\",\"urlTemplate\":\"https:\\\/\\\/optimaretail.eu\\\/fr\\\/?s={search_term_string}\"},\"query-input\":{\"@type\":\"PropertyValueSpecification\",\"valueRequired\":true,\"valueName\":\"search_term_string\"}}],\"inLanguage\":\"fr-FR\"},{\"@type\":\"Organization\",\"@id\":\"https:\\\/\\\/optimaretail.eu\\\/fr\\\/#organization\",\"name\":\"Optima Retail\",\"url\":\"https:\\\/\\\/optimaretail.eu\\\/fr\\\/\",\"logo\":{\"@type\":\"ImageObject\",\"inLanguage\":\"fr-FR\",\"@id\":\"https:\\\/\\\/optimaretail.eu\\\/fr\\\/#\\\/schema\\\/logo\\\/image\\\/\",\"url\":\"https:\\\/\\\/optimaretail.eu\\\/wp-content\\\/uploads\\\/2025\\\/02\\\/kit-por-defecto.svg\",\"contentUrl\":\"https:\\\/\\\/optimaretail.eu\\\/wp-content\\\/uploads\\\/2025\\\/02\\\/kit-por-defecto.svg\",\"width\":499,\"height\":93,\"caption\":\"Optima Retail\"},\"image\":{\"@id\":\"https:\\\/\\\/optimaretail.eu\\\/fr\\\/#\\\/schema\\\/logo\\\/image\\\/\"},\"sameAs\":[\"https:\\\/\\\/www.facebook.com\\\/people\\\/Optima-Retail-SL\\\/61578005819425\\\/\"]},{\"@type\":\"Person\",\"@id\":\"https:\\\/\\\/optimaretail.eu\\\/fr\\\/#\\\/schema\\\/person\\\/df5f61697007f654d7ab48a34bbf825c\",\"name\":\"Marketing\"}]}<\/script>\n<!-- \/ Yoast SEO plugin. -->","yoast_head_json":{"title":"Le meilleur moment pour ouvrir des magasins dans les centres commerciaux | Optima Retail","description":"Derni\u00e8res actualit\u00e9s sur Le meilleur moment pour ouvrir des magasins dans les centres commerciaux","robots":{"index":"index","follow":"follow","max-snippet":"max-snippet:-1","max-image-preview":"max-image-preview:large","max-video-preview":"max-video-preview:-1"},"canonical":"https:\/\/optimaretail.eu\/fr\/ouvrir-magasins-dans-les-centres-commerciaux\/","og_locale":"fr_FR","og_type":"article","og_title":"Le meilleur moment pour ouvrir des magasins dans les centres commerciaux | Optima Retail","og_description":"Derni\u00e8res actualit\u00e9s sur Le meilleur moment pour ouvrir des magasins dans les centres commerciaux","og_url":"https:\/\/optimaretail.eu\/fr\/ouvrir-magasins-dans-les-centres-commerciaux\/","og_site_name":"Optima Retail","article_publisher":"https:\/\/www.facebook.com\/people\/Optima-Retail-SL\/61578005819425\/","article_published_time":"2024-10-22T10:57:00+00:00","article_modified_time":"2025-03-21T14:22:03+00:00","og_image":[{"width":800,"height":400,"url":"https:\/\/optimaretail.eu\/wp-content\/uploads\/2024\/10\/el-mejor-momento-para-abrir-tiendas-en-centros-comerciales-2.jpg","type":"image\/jpeg"}],"author":"Marketing","twitter_card":"summary_large_image","twitter_misc":{"Written by":"Marketing","Est. reading time":"4 minutes"},"schema":{"@context":"https:\/\/schema.org","@graph":[{"@type":"Article","@id":"https:\/\/optimaretail.eu\/fr\/ouvrir-magasins-dans-les-centres-commerciaux\/#article","isPartOf":{"@id":"https:\/\/optimaretail.eu\/fr\/ouvrir-magasins-dans-les-centres-commerciaux\/"},"author":{"name":"Marketing","@id":"https:\/\/optimaretail.eu\/fr\/#\/schema\/person\/df5f61697007f654d7ab48a34bbf825c"},"headline":"Le meilleur moment pour ouvrir des magasins dans les centres commerciaux","datePublished":"2024-10-22T10:57:00+00:00","dateModified":"2025-03-21T14:22:03+00:00","mainEntityOfPage":{"@id":"https:\/\/optimaretail.eu\/fr\/ouvrir-magasins-dans-les-centres-commerciaux\/"},"wordCount":859,"commentCount":0,"publisher":{"@id":"https:\/\/optimaretail.eu\/fr\/#organization"},"image":{"@id":"https:\/\/optimaretail.eu\/fr\/ouvrir-magasins-dans-les-centres-commerciaux\/#primaryimage"},"thumbnailUrl":"https:\/\/optimaretail.eu\/wp-content\/uploads\/2024\/10\/el-mejor-momento-para-abrir-tiendas-en-centros-comerciales-2.jpg","articleSection":["Strat\u00e9gies de vente et de client\u00e8le"],"inLanguage":"fr-FR","potentialAction":[{"@type":"CommentAction","name":"Comment","target":["https:\/\/optimaretail.eu\/fr\/ouvrir-magasins-dans-les-centres-commerciaux\/#respond"]}]},{"@type":"WebPage","@id":"https:\/\/optimaretail.eu\/fr\/ouvrir-magasins-dans-les-centres-commerciaux\/","url":"https:\/\/optimaretail.eu\/fr\/ouvrir-magasins-dans-les-centres-commerciaux\/","name":"Le meilleur moment pour ouvrir des magasins dans les centres commerciaux | Optima Retail","isPartOf":{"@id":"https:\/\/optimaretail.eu\/fr\/#website"},"primaryImageOfPage":{"@id":"https:\/\/optimaretail.eu\/fr\/ouvrir-magasins-dans-les-centres-commerciaux\/#primaryimage"},"image":{"@id":"https:\/\/optimaretail.eu\/fr\/ouvrir-magasins-dans-les-centres-commerciaux\/#primaryimage"},"thumbnailUrl":"https:\/\/optimaretail.eu\/wp-content\/uploads\/2024\/10\/el-mejor-momento-para-abrir-tiendas-en-centros-comerciales-2.jpg","datePublished":"2024-10-22T10:57:00+00:00","dateModified":"2025-03-21T14:22:03+00:00","description":"Derni\u00e8res actualit\u00e9s sur Le meilleur moment pour ouvrir des magasins dans les centres commerciaux","breadcrumb":{"@id":"https:\/\/optimaretail.eu\/fr\/ouvrir-magasins-dans-les-centres-commerciaux\/#breadcrumb"},"inLanguage":"fr-FR","potentialAction":[{"@type":"ReadAction","target":["https:\/\/optimaretail.eu\/fr\/ouvrir-magasins-dans-les-centres-commerciaux\/"]}]},{"@type":"ImageObject","inLanguage":"fr-FR","@id":"https:\/\/optimaretail.eu\/fr\/ouvrir-magasins-dans-les-centres-commerciaux\/#primaryimage","url":"https:\/\/optimaretail.eu\/wp-content\/uploads\/2024\/10\/el-mejor-momento-para-abrir-tiendas-en-centros-comerciales-2.jpg","contentUrl":"https:\/\/optimaretail.eu\/wp-content\/uploads\/2024\/10\/el-mejor-momento-para-abrir-tiendas-en-centros-comerciales-2.jpg","width":800,"height":400,"caption":"Ouvrir Magasins Dans Les Centres Commerciaux"},{"@type":"BreadcrumbList","@id":"https:\/\/optimaretail.eu\/fr\/ouvrir-magasins-dans-les-centres-commerciaux\/#breadcrumb","itemListElement":[{"@type":"ListItem","position":1,"name":"Optima Retail","item":"https:\/\/optimaretail.eu\/fr\/"},{"@type":"ListItem","position":2,"name":"Le meilleur moment pour ouvrir des magasins dans les centres commerciaux"}]},{"@type":"WebSite","@id":"https:\/\/optimaretail.eu\/fr\/#website","url":"https:\/\/optimaretail.eu\/fr\/","name":"Optima Retail","description":"Maintenance de d\u00e9tail","publisher":{"@id":"https:\/\/optimaretail.eu\/fr\/#organization"},"potentialAction":[{"@type":"SearchAction","target":{"@type":"EntryPoint","urlTemplate":"https:\/\/optimaretail.eu\/fr\/?s={search_term_string}"},"query-input":{"@type":"PropertyValueSpecification","valueRequired":true,"valueName":"search_term_string"}}],"inLanguage":"fr-FR"},{"@type":"Organization","@id":"https:\/\/optimaretail.eu\/fr\/#organization","name":"Optima Retail","url":"https:\/\/optimaretail.eu\/fr\/","logo":{"@type":"ImageObject","inLanguage":"fr-FR","@id":"https:\/\/optimaretail.eu\/fr\/#\/schema\/logo\/image\/","url":"https:\/\/optimaretail.eu\/wp-content\/uploads\/2025\/02\/kit-por-defecto.svg","contentUrl":"https:\/\/optimaretail.eu\/wp-content\/uploads\/2025\/02\/kit-por-defecto.svg","width":499,"height":93,"caption":"Optima Retail"},"image":{"@id":"https:\/\/optimaretail.eu\/fr\/#\/schema\/logo\/image\/"},"sameAs":["https:\/\/www.facebook.com\/people\/Optima-Retail-SL\/61578005819425\/"]},{"@type":"Person","@id":"https:\/\/optimaretail.eu\/fr\/#\/schema\/person\/df5f61697007f654d7ab48a34bbf825c","name":"Marketing"}]}},"_links":{"self":[{"href":"https:\/\/optimaretail.eu\/fr\/wp-json\/wp\/v2\/posts\/6416","targetHints":{"allow":["GET"]}}],"collection":[{"href":"https:\/\/optimaretail.eu\/fr\/wp-json\/wp\/v2\/posts"}],"about":[{"href":"https:\/\/optimaretail.eu\/fr\/wp-json\/wp\/v2\/types\/post"}],"author":[{"embeddable":true,"href":"https:\/\/optimaretail.eu\/fr\/wp-json\/wp\/v2\/users\/5"}],"replies":[{"embeddable":true,"href":"https:\/\/optimaretail.eu\/fr\/wp-json\/wp\/v2\/comments?post=6416"}],"version-history":[{"count":1,"href":"https:\/\/optimaretail.eu\/fr\/wp-json\/wp\/v2\/posts\/6416\/revisions"}],"predecessor-version":[{"id":9829,"href":"https:\/\/optimaretail.eu\/fr\/wp-json\/wp\/v2\/posts\/6416\/revisions\/9829"}],"wp:featuredmedia":[{"embeddable":true,"href":"https:\/\/optimaretail.eu\/fr\/wp-json\/wp\/v2\/media\/7930"}],"wp:attachment":[{"href":"https:\/\/optimaretail.eu\/fr\/wp-json\/wp\/v2\/media?parent=6416"}],"wp:term":[{"taxonomy":"category","embeddable":true,"href":"https:\/\/optimaretail.eu\/fr\/wp-json\/wp\/v2\/categories?post=6416"},{"taxonomy":"post_tag","embeddable":true,"href":"https:\/\/optimaretail.eu\/fr\/wp-json\/wp\/v2\/tags?post=6416"}],"curies":[{"name":"wp","href":"https:\/\/api.w.org\/{rel}","templated":true}]}}