{"id":6431,"date":"2024-09-26T11:48:29","date_gmt":"2024-09-26T09:48:29","guid":{"rendered":"https:\/\/optima.yvonnefuertes.com\/?p=6431"},"modified":"2025-03-21T15:24:13","modified_gmt":"2025-03-21T14:24:13","slug":"jours-pertinents-dans-le-secteur-de-la-vente-au-detail-lesquels-sont-ils-et-comment-en-tirer-le-me","status":"publish","type":"post","link":"https:\/\/optimaretail.eu\/fr\/jours-pertinents-dans-le-secteur-de-la-vente-au-detail-lesquels-sont-ils-et-comment-en-tirer-le-me\/","title":{"rendered":"Jours pertinents dans le secteur de la vente au d\u00e9tail : lesquels sont-ils et comment en tirer le meilleur parti ?"},"content":{"rendered":"\n<figure class=\"wp-block-image\"><img decoding=\"async\" src=\"https:\/\/optimaretail.eu\/wp-content\/uploads\/2025\/03\/relevant-days-in-the-retail-sector-which-are-they-and-how-to-make-the-most-of-them-3.jpg\" alt=\"retail tiendas dias festivos\"\/><\/figure>\n\n\n\n<p id=\"viewer-z9ppq9532\">Dans le secteur de la vente au d\u00e9tail, le succ\u00e8s d\u00e9pend en grande partie de l&rsquo;exploitation des moments cl\u00e9s tout au long de l&rsquo;ann\u00e9e. Identifier les jours pertinents permet aux entreprises de planifier des strat\u00e9gies efficaces pour augmenter les ventes et renforcer leur pr\u00e9sence sur le march\u00e9.<\/p>\n\n\n\n<h2 class=\"wp-block-heading\" id=\"viewer-qwsuo279\">Pourquoi les jours pertinents sont-ils importants dans le secteur de la vente au d\u00e9tail ?<\/h2>\n\n\n\n<p id=\"viewer-lt2cd392\">Ces jours sont marqu\u00e9s par des \u00e9v\u00e9nements et des saisons o\u00f9 la demande de produits augmente consid\u00e9rablement. Pour les d\u00e9taillants, ces dates sont l&rsquo;occasion id\u00e9ale pour lancer des campagnes marketing, promouvoir des produits sp\u00e9cifiques et attirer de nouveaux clients.<\/p>\n\n\n\n<p id=\"viewer-8g9l234680\">Quelques raisons de concentrer votre strat\u00e9gie sur ces jours incluent :<\/p>\n\n\n\n<ul class=\"wp-block-list\">\n<li><strong>Augmentation de la demande<\/strong>&nbsp;: Lors de journ\u00e9es cl\u00e9s comme le Black Friday ou No\u00ebl, les consommateurs sont plus enclins \u00e0 acheter.<\/li>\n\n\n\n<li><strong>Fid\u00e9lisation des clients<\/strong>&nbsp;: Les offres sp\u00e9ciales et promotions cr\u00e9ent un lien \u00e9motionnel avec les clients.<\/li>\n\n\n\n<li><strong>Diff\u00e9renciation<\/strong>&nbsp;: Proposer des produits exclusifs ou des remises uniques lors de ces jours pertinents peut positionner votre marque au-dessus de la concurrence.<\/li>\n<\/ul>\n\n\n\n<h2 class=\"wp-block-heading\" id=\"viewer-m3r87418\">Calendrier des jours pertinents dans le secteur de la vente au d\u00e9tail<\/h2>\n\n\n\n<figure class=\"wp-block-image\"><img decoding=\"async\" src=\"https:\/\/optimaretail.eu\/wp-content\/uploads\/2025\/03\/relevant-days-in-the-retail-sector-which-are-they-and-how-to-make-the-most-of-them-2.jpg\" alt=\"dias black friday retail\"\/><\/figure>\n\n\n\n<p id=\"viewer-9rewi761\">Voici un calendrier qui met en avant certains des jours les plus importants pour la vente au d\u00e9tail, selon les tendances mondiales :<\/p>\n\n\n\n<p id=\"viewer-e8iq534998\"><strong>Janvier \u2013 Soldes du Nouvel An<\/strong><\/p>\n\n\n\n<p id=\"viewer-t88fx35574\">Une p\u00e9riode cl\u00e9 o\u00f9 les consommateurs cherchent \u00e0 profiter des r\u00e9ductions apr\u00e8s les f\u00eates. Un moment id\u00e9al pour \u00e9couler les stocks restants et attirer de nouveaux clients.<\/p>\n\n\n\n<p id=\"viewer-zlhbx35001\"><strong>F\u00e9vrier \u2013 Saint-Valentin<\/strong><\/p>\n\n\n\n<p id=\"viewer-6a1ce35079\">Le jour de l&rsquo;amour et de l&rsquo;amiti\u00e9 stimule les ventes de cadeaux, fleurs, bijoux, mode et exp\u00e9riences sp\u00e9ciales. Une excellente opportunit\u00e9 pour promouvoir des produits et lancer des campagnes personnalis\u00e9es.<\/p>\n\n\n\n<p id=\"viewer-hsj1a35004\"><strong>Mars \u2013 F\u00eate des P\u00e8res<\/strong><\/p>\n\n\n\n<p id=\"viewer-mgzln35152\">L&rsquo;occasion parfaite pour concentrer votre strat\u00e9gie sur la vente de produits tels que la technologie, la mode et les articles de soins personnels.<\/p>\n\n\n\n<p id=\"viewer-nly0z35007\"><strong>Avril \u2013 P\u00e2ques<\/strong><\/p>\n\n\n\n<p id=\"viewer-zae4735225\">P\u00e2ques est souvent associ\u00e9e aux r\u00e9unions familiales, ce qui entra\u00eene une forte demande pour les produits li\u00e9s \u00e0 la nourriture, la d\u00e9coration et les cadeaux.<\/p>\n\n\n\n<p id=\"viewer-8fs6x35010\"><strong>Mai \u2013 F\u00eate des M\u00e8res<\/strong><\/p>\n\n\n\n<p id=\"viewer-cxa3w35369\">Un mois important pour le commerce de d\u00e9tail, car les consommateurs recherchent des cadeaux comme des produits de beaut\u00e9, des bijoux, de la mode et des exp\u00e9riences uniques pour leurs m\u00e8res.<\/p>\n\n\n\n<p id=\"viewer-x15kp35013\"><strong>Juin \u2013 Soldes d&rsquo;\u00c9t\u00e9 et de Mi-Ann\u00e9e<\/strong><\/p>\n\n\n\n<p id=\"viewer-jsuzy35300\">Le moment id\u00e9al pour vendre des produits d&rsquo;\u00e9t\u00e9 : mode, \u00e9quipements sportifs, accessoires de plage, et bien plus.<\/p>\n\n\n\n<p id=\"viewer-e9q7935016\"><strong>Novembre \u2013 Black Friday et Cyber Monday<\/strong><\/p>\n\n\n\n<p id=\"viewer-t4ksf35444\">Deux des jours les plus attendus par les consommateurs et parmi les plus cruciaux pour la vente au d\u00e9tail. Offres exclusives, remises significatives et promotions en ligne.<\/p>\n\n\n\n<p id=\"viewer-sdxy135019\"><strong>D\u00e9cembre \u2013 No\u00ebl et Nouvel An<\/strong><\/p>\n\n\n\n<p id=\"viewer-6l6ku35517\">Le pic de la saison des achats. Les consommateurs recherchent des cadeaux, des d\u00e9corations et des articles pour les f\u00eates. Il est essentiel d&rsquo;avoir suffisamment de stock et une boutique bien pr\u00e9par\u00e9e pour r\u00e9pondre \u00e0 la forte demande.<\/p>\n\n\n\n<h2 class=\"wp-block-heading\" id=\"viewer-kncym1609\">Comment pr\u00e9parer votre entreprise pour les jours cl\u00e9s de la vente au d\u00e9tail<\/h2>\n\n\n\n<p id=\"viewer-s9ncy31975\">La pr\u00e9paration pour les jours pertinents dans le secteur de la vente au d\u00e9tail va bien au-del\u00e0 de la conception de campagnes marketing attrayantes. Elle implique \u00e9galement :<\/p>\n\n\n\n<ul class=\"wp-block-list\">\n<li><strong>Gestion des stocks<\/strong>&nbsp;: Assurez-vous de disposer d&rsquo;un stock suffisant pour r\u00e9pondre \u00e0 la demande attendue. Un contr\u00f4le ad\u00e9quat des stocks \u00e9vite les occasions de vente manqu\u00e9es et garantit la satisfaction des clients.<\/li>\n\n\n\n<li><strong>Entretien du magasin<\/strong>&nbsp;: Un magasin bien entretenu, organis\u00e9 et attrayant am\u00e9liore l&rsquo;exp\u00e9rience client. <strong>Optima Retail<\/strong>&nbsp;est sp\u00e9cialis\u00e9 dans les services de maintenance complets pour que votre boutique soit impeccable.<\/li>\n\n\n\n<li><strong>Formation de l&rsquo;\u00e9quipe<\/strong>&nbsp;: Former le personnel \u00e0 fournir un service excellent lors des jours de forte affluence est essentiel. Une \u00e9quipe bien pr\u00e9par\u00e9e peut augmenter la satisfaction client et stimuler les ventes.<\/li>\n\n\n\n<li><strong>Optimisation du site web<\/strong>&nbsp;: Si votre magasin vend \u00e9galement en ligne, un site web rapide et fiable est essentiel pour g\u00e9rer l&rsquo;augmentation du trafic. Une exp\u00e9rience en ligne fluide peut consid\u00e9rablement influencer les taux de conversion pendant ces jours de pointe.<\/li>\n<\/ul>\n\n\n\n<h3 class=\"wp-block-heading\" id=\"viewer-0yfwi36185\">Strat\u00e9gies de marketing pour les jours pertinents<\/h3>\n\n\n\n<p id=\"viewer-rhx4036187\">Pour maximiser le potentiel de ces jours, votre strat\u00e9gie marketing doit \u00eatre efficace et orient\u00e9e vers la conversion. Voici quelques tactiques que vous pouvez mettre en \u0153uvre :<\/p>\n\n\n\n<ul class=\"wp-block-list\">\n<li><strong>Campagnes d&#8217;email marketing<\/strong>&nbsp;: Envoyez des courriels \u00e0 votre base de clients pour promouvoir les offres sp\u00e9ciales des jours cl\u00e9s du commerce de d\u00e9tail.<\/li>\n\n\n\n<li><strong>Publicit\u00e9 sur les r\u00e9seaux sociaux<\/strong>&nbsp;: Augmentez la visibilit\u00e9 de votre marque gr\u00e2ce \u00e0 des annonces cibl\u00e9es sur des plateformes comme Facebook et Instagram.<\/li>\n\n\n\n<li><strong>Optimisation SEO<\/strong>&nbsp;: Publiez du contenu pertinent sur votre site web en vous concentrant sur des mots-cl\u00e9s saisonniers, tels que \u00ab\u00a0meilleures offres du Black Friday\u00a0\u00bb ou \u00ab\u00a0cadeaux pour la f\u00eate des m\u00e8res\u00a0\u00bb.<\/li>\n\n\n\n<li><strong>R\u00e9ductions et promotions<\/strong>&nbsp;: Proposez des r\u00e9ductions exclusives pour encourager les achats et cr\u00e9er un sentiment d&rsquo;urgence chez vos clients.<\/li>\n<\/ul>\n\n\n\n<h2 class=\"wp-block-heading\" id=\"viewer-thgzl3239\">Comment Optima Retail peut vous aider \u00e0 tirer le meilleur parti des jours cl\u00e9s de la vente au d\u00e9tail ?<\/h2>\n\n\n\n<figure class=\"wp-block-image\"><img decoding=\"async\" src=\"https:\/\/optimaretail.eu\/wp-content\/uploads\/2025\/03\/relevant-days-in-the-retail-sector-which-are-they-and-how-to-make-the-most-of-them.jpg\" alt=\"navidad fiestas retail\"\/><\/figure>\n\n\n\n<p id=\"viewer-p8hpg3241\">Chez Optima Retail, nous savons que le succ\u00e8s dans le secteur de la vente au d\u00e9tail d\u00e9pend non seulement de la strat\u00e9gie marketing, mais aussi de l&rsquo;apparence et de la fonctionnalit\u00e9 de votre magasin. Nos services de maintenance complets comprennent :<\/p>\n\n\n\n<ul class=\"wp-block-list\">\n<li><strong>R\u00e9paration et R\u00e9novation<\/strong>&nbsp;: Nous veillons \u00e0 ce que votre magasin soit en parfait \u00e9tat pour accueillir les clients.<\/li>\n\n\n\n<li><strong>Services de nettoyage<\/strong>&nbsp;: Nous offrons un espace propre et attrayant pour am\u00e9liorer l&rsquo;exp\u00e9rience d&rsquo;achat.<\/li>\n\n\n\n<li><strong>Conseil strat\u00e9gique<\/strong>&nbsp;: Nous vous aidons \u00e0 planifier l&rsquo;am\u00e9nagement de votre magasin pour optimiser l&rsquo;espace et la pr\u00e9sentation des produits.<\/li>\n<\/ul>\n\n\n\n<p id=\"viewer-nt9pe37144\">Ne manquez pas les opportunit\u00e9s offertes par ces jours cl\u00e9s de la vente au d\u00e9tail ! Chez Optima Retail, nous pr\u00e9parons votre magasin pour le succ\u00e8s \u00e0 chaque saison de vente.<\/p>\n\n\n\n<h3 class=\"wp-block-heading\" id=\"viewer-j1ue03263\"><strong>Phrase mise en avant<\/strong><\/h3>\n\n\n\n<blockquote class=\"wp-block-quote is-layout-flow wp-block-quote-is-layout-flow\">\n<p>\u00ab\u00a0Le succ\u00e8s dans la vente au d\u00e9tail repose sur la pr\u00e9paration aux moments cl\u00e9s et sur la cr\u00e9ation d&rsquo;une exp\u00e9rience client inoubliable.\u00a0\u00bb<\/p>\n<\/blockquote>\n\n\n\n<h3 class=\"wp-block-heading\" id=\"viewer-u0zzr3268\"><strong>Demandez votre devis d\u00e8s maintenant<\/strong><\/h3>\n\n\n\n<p id=\"viewer-f3g1537896\">Vous voulez que votre magasin soit pr\u00eat \u00e0 tirer le meilleur parti des jours cl\u00e9s du commerce de d\u00e9tail ? Chez Optima Retail, nous sommes l\u00e0 pour vous aider ! Demandez votre devis personnalis\u00e9 et d\u00e9couvrez comment nous pouvons optimiser votre entreprise pour chaque saison.<\/p>\n\n\n\n<p><a href=\"https:\/\/optimaretail.eu\/fr\/contacto\" target=\"_blank\" rel=\"noreferrer noopener\"><\/a><\/p>\n\n\n\n<div class=\"wp-block-buttons is-layout-flex wp-block-buttons-is-layout-flex\">\n<div class=\"wp-block-button has-custom-font-size is-style-fill\" style=\"font-size:15px\"><a class=\"wp-block-button__link has-white-color has-text-color has-background has-link-color wp-element-button\" href=\"https:\/\/optimaretail.eu\/fr\/demander-un-devis\/\" style=\"background-color:#0086ff\">DEMANDER UN DEVIS<\/a><\/div>\n<\/div>\n","protected":false},"excerpt":{"rendered":"<p>Dans le secteur de la vente au d\u00e9tail, le succ\u00e8s d\u00e9pend en grande partie de l&rsquo;exploitation des moments cl\u00e9s tout au long de l&rsquo;ann\u00e9e. Identifier les jours pertinents permet aux entreprises de planifier des strat\u00e9gies efficaces pour augmenter les ventes et renforcer leur pr\u00e9sence sur le march\u00e9. Pourquoi les jours pertinents sont-ils importants dans le [&hellip;]<\/p>\n","protected":false},"author":5,"featured_media":7906,"comment_status":"open","ping_status":"open","sticky":false,"template":"","format":"standard","meta":{"_acf_changed":false,"rop_custom_images_group":[],"rop_custom_messages_group":[],"rop_publish_now":"initial","rop_publish_now_accounts":{"facebook_122097394580933375_751730124684203":""},"rop_publish_now_history":[],"rop_publish_now_status":"pending","footnotes":""},"categories":[64],"tags":[],"class_list":["post-6431","post","type-post","status-publish","format-standard","has-post-thumbnail","hentry","category-strategies-de-vente-et-de-clientele"],"acf":[],"yoast_head":"<!-- This site is optimized with the Yoast SEO plugin v27.3 - https:\/\/yoast.com\/product\/yoast-seo-wordpress\/ -->\n<title>Jours pertinents dans le secteur de la vente au d\u00e9tail : lesquels sont-ils et comment en tirer le meilleur parti ? | Optima Retail<\/title>\n<meta name=\"description\" content=\"Derni\u00e8res actualit\u00e9s sur Jours pertinents dans le secteur de la vente au d\u00e9tail : lesquels sont-ils et comment en tirer le meilleur parti ?\" \/>\n<meta name=\"robots\" content=\"index, follow, max-snippet:-1, max-image-preview:large, max-video-preview:-1\" \/>\n<link rel=\"canonical\" href=\"https:\/\/optimaretail.eu\/fr\/jours-pertinents-dans-le-secteur-de-la-vente-au-detail-lesquels-sont-ils-et-comment-en-tirer-le-me\/\" \/>\n<meta property=\"og:locale\" content=\"fr_FR\" \/>\n<meta property=\"og:type\" content=\"article\" \/>\n<meta property=\"og:title\" content=\"Jours pertinents dans le secteur de la vente au d\u00e9tail : lesquels sont-ils et comment en tirer le meilleur parti ? | Optima Retail\" \/>\n<meta property=\"og:description\" content=\"Derni\u00e8res actualit\u00e9s sur Jours pertinents dans le secteur de la vente au d\u00e9tail : lesquels sont-ils et comment en tirer le meilleur parti ?\" \/>\n<meta property=\"og:url\" content=\"https:\/\/optimaretail.eu\/fr\/jours-pertinents-dans-le-secteur-de-la-vente-au-detail-lesquels-sont-ils-et-comment-en-tirer-le-me\/\" \/>\n<meta property=\"og:site_name\" content=\"Optima Retail\" \/>\n<meta property=\"article:publisher\" content=\"https:\/\/www.facebook.com\/people\/Optima-Retail-SL\/61578005819425\/\" \/>\n<meta property=\"article:published_time\" content=\"2024-09-26T09:48:29+00:00\" \/>\n<meta property=\"article:modified_time\" content=\"2025-03-21T14:24:13+00:00\" \/>\n<meta property=\"og:image\" content=\"https:\/\/optimaretail.eu\/wp-content\/uploads\/2024\/09\/jours-pertinents-dans-le-secteur-de-la-vente-au-detail-lesquels-sont-ils-et-comment-en-tirer-le-meilleur-parti.jpg\" \/>\n\t<meta property=\"og:image:width\" content=\"800\" \/>\n\t<meta property=\"og:image:height\" content=\"400\" \/>\n\t<meta property=\"og:image:type\" content=\"image\/jpeg\" \/>\n<meta name=\"author\" content=\"Marketing\" \/>\n<meta name=\"twitter:card\" content=\"summary_large_image\" \/>\n<meta name=\"twitter:label1\" content=\"Written by\" \/>\n\t<meta name=\"twitter:data1\" content=\"Marketing\" \/>\n\t<meta name=\"twitter:label2\" content=\"Est. reading time\" \/>\n\t<meta name=\"twitter:data2\" content=\"5 minutes\" \/>\n<script type=\"application\/ld+json\" class=\"yoast-schema-graph\">{\"@context\":\"https:\\\/\\\/schema.org\",\"@graph\":[{\"@type\":\"Article\",\"@id\":\"https:\\\/\\\/optimaretail.eu\\\/fr\\\/jours-pertinents-dans-le-secteur-de-la-vente-au-detail-lesquels-sont-ils-et-comment-en-tirer-le-me\\\/#article\",\"isPartOf\":{\"@id\":\"https:\\\/\\\/optimaretail.eu\\\/fr\\\/jours-pertinents-dans-le-secteur-de-la-vente-au-detail-lesquels-sont-ils-et-comment-en-tirer-le-me\\\/\"},\"author\":{\"name\":\"Marketing\",\"@id\":\"https:\\\/\\\/optimaretail.eu\\\/fr\\\/#\\\/schema\\\/person\\\/df5f61697007f654d7ab48a34bbf825c\"},\"headline\":\"Jours pertinents dans le secteur de la vente au d\u00e9tail : lesquels sont-ils et comment en tirer le meilleur parti ?\",\"datePublished\":\"2024-09-26T09:48:29+00:00\",\"dateModified\":\"2025-03-21T14:24:13+00:00\",\"mainEntityOfPage\":{\"@id\":\"https:\\\/\\\/optimaretail.eu\\\/fr\\\/jours-pertinents-dans-le-secteur-de-la-vente-au-detail-lesquels-sont-ils-et-comment-en-tirer-le-me\\\/\"},\"wordCount\":1134,\"commentCount\":0,\"publisher\":{\"@id\":\"https:\\\/\\\/optimaretail.eu\\\/fr\\\/#organization\"},\"image\":{\"@id\":\"https:\\\/\\\/optimaretail.eu\\\/fr\\\/jours-pertinents-dans-le-secteur-de-la-vente-au-detail-lesquels-sont-ils-et-comment-en-tirer-le-me\\\/#primaryimage\"},\"thumbnailUrl\":\"https:\\\/\\\/optimaretail.eu\\\/wp-content\\\/uploads\\\/2024\\\/09\\\/jours-pertinents-dans-le-secteur-de-la-vente-au-detail-lesquels-sont-ils-et-comment-en-tirer-le-meilleur-parti.jpg\",\"articleSection\":[\"Strat\u00e9gies de vente et de client\u00e8le\"],\"inLanguage\":\"fr-FR\",\"potentialAction\":[{\"@type\":\"CommentAction\",\"name\":\"Comment\",\"target\":[\"https:\\\/\\\/optimaretail.eu\\\/fr\\\/jours-pertinents-dans-le-secteur-de-la-vente-au-detail-lesquels-sont-ils-et-comment-en-tirer-le-me\\\/#respond\"]}]},{\"@type\":\"WebPage\",\"@id\":\"https:\\\/\\\/optimaretail.eu\\\/fr\\\/jours-pertinents-dans-le-secteur-de-la-vente-au-detail-lesquels-sont-ils-et-comment-en-tirer-le-me\\\/\",\"url\":\"https:\\\/\\\/optimaretail.eu\\\/fr\\\/jours-pertinents-dans-le-secteur-de-la-vente-au-detail-lesquels-sont-ils-et-comment-en-tirer-le-me\\\/\",\"name\":\"Jours pertinents dans le secteur de la vente au d\u00e9tail : lesquels sont-ils et comment en tirer le meilleur parti ? | Optima Retail\",\"isPartOf\":{\"@id\":\"https:\\\/\\\/optimaretail.eu\\\/fr\\\/#website\"},\"primaryImageOfPage\":{\"@id\":\"https:\\\/\\\/optimaretail.eu\\\/fr\\\/jours-pertinents-dans-le-secteur-de-la-vente-au-detail-lesquels-sont-ils-et-comment-en-tirer-le-me\\\/#primaryimage\"},\"image\":{\"@id\":\"https:\\\/\\\/optimaretail.eu\\\/fr\\\/jours-pertinents-dans-le-secteur-de-la-vente-au-detail-lesquels-sont-ils-et-comment-en-tirer-le-me\\\/#primaryimage\"},\"thumbnailUrl\":\"https:\\\/\\\/optimaretail.eu\\\/wp-content\\\/uploads\\\/2024\\\/09\\\/jours-pertinents-dans-le-secteur-de-la-vente-au-detail-lesquels-sont-ils-et-comment-en-tirer-le-meilleur-parti.jpg\",\"datePublished\":\"2024-09-26T09:48:29+00:00\",\"dateModified\":\"2025-03-21T14:24:13+00:00\",\"description\":\"Derni\u00e8res actualit\u00e9s sur Jours pertinents dans le secteur de la vente au d\u00e9tail : lesquels sont-ils et comment en tirer le meilleur parti ?\",\"breadcrumb\":{\"@id\":\"https:\\\/\\\/optimaretail.eu\\\/fr\\\/jours-pertinents-dans-le-secteur-de-la-vente-au-detail-lesquels-sont-ils-et-comment-en-tirer-le-me\\\/#breadcrumb\"},\"inLanguage\":\"fr-FR\",\"potentialAction\":[{\"@type\":\"ReadAction\",\"target\":[\"https:\\\/\\\/optimaretail.eu\\\/fr\\\/jours-pertinents-dans-le-secteur-de-la-vente-au-detail-lesquels-sont-ils-et-comment-en-tirer-le-me\\\/\"]}]},{\"@type\":\"ImageObject\",\"inLanguage\":\"fr-FR\",\"@id\":\"https:\\\/\\\/optimaretail.eu\\\/fr\\\/jours-pertinents-dans-le-secteur-de-la-vente-au-detail-lesquels-sont-ils-et-comment-en-tirer-le-me\\\/#primaryimage\",\"url\":\"https:\\\/\\\/optimaretail.eu\\\/wp-content\\\/uploads\\\/2024\\\/09\\\/jours-pertinents-dans-le-secteur-de-la-vente-au-detail-lesquels-sont-ils-et-comment-en-tirer-le-meilleur-parti.jpg\",\"contentUrl\":\"https:\\\/\\\/optimaretail.eu\\\/wp-content\\\/uploads\\\/2024\\\/09\\\/jours-pertinents-dans-le-secteur-de-la-vente-au-detail-lesquels-sont-ils-et-comment-en-tirer-le-meilleur-parti.jpg\",\"width\":800,\"height\":400,\"caption\":\"Jours pertinents dans le secteur de la vente au d\u00e9tail : lesquels sont-ils et comment en tirer le meilleur parti ?\"},{\"@type\":\"BreadcrumbList\",\"@id\":\"https:\\\/\\\/optimaretail.eu\\\/fr\\\/jours-pertinents-dans-le-secteur-de-la-vente-au-detail-lesquels-sont-ils-et-comment-en-tirer-le-me\\\/#breadcrumb\",\"itemListElement\":[{\"@type\":\"ListItem\",\"position\":1,\"name\":\"Optima Retail\",\"item\":\"https:\\\/\\\/optimaretail.eu\\\/fr\\\/\"},{\"@type\":\"ListItem\",\"position\":2,\"name\":\"Jours pertinents dans le secteur de la vente au d\u00e9tail : lesquels sont-ils et comment en tirer le meilleur parti ?\"}]},{\"@type\":\"WebSite\",\"@id\":\"https:\\\/\\\/optimaretail.eu\\\/fr\\\/#website\",\"url\":\"https:\\\/\\\/optimaretail.eu\\\/fr\\\/\",\"name\":\"Optima Retail\",\"description\":\"Maintenance de d\u00e9tail\",\"publisher\":{\"@id\":\"https:\\\/\\\/optimaretail.eu\\\/fr\\\/#organization\"},\"potentialAction\":[{\"@type\":\"SearchAction\",\"target\":{\"@type\":\"EntryPoint\",\"urlTemplate\":\"https:\\\/\\\/optimaretail.eu\\\/fr\\\/?s={search_term_string}\"},\"query-input\":{\"@type\":\"PropertyValueSpecification\",\"valueRequired\":true,\"valueName\":\"search_term_string\"}}],\"inLanguage\":\"fr-FR\"},{\"@type\":\"Organization\",\"@id\":\"https:\\\/\\\/optimaretail.eu\\\/fr\\\/#organization\",\"name\":\"Optima Retail\",\"url\":\"https:\\\/\\\/optimaretail.eu\\\/fr\\\/\",\"logo\":{\"@type\":\"ImageObject\",\"inLanguage\":\"fr-FR\",\"@id\":\"https:\\\/\\\/optimaretail.eu\\\/fr\\\/#\\\/schema\\\/logo\\\/image\\\/\",\"url\":\"https:\\\/\\\/optimaretail.eu\\\/wp-content\\\/uploads\\\/2025\\\/02\\\/kit-por-defecto.svg\",\"contentUrl\":\"https:\\\/\\\/optimaretail.eu\\\/wp-content\\\/uploads\\\/2025\\\/02\\\/kit-por-defecto.svg\",\"width\":499,\"height\":93,\"caption\":\"Optima Retail\"},\"image\":{\"@id\":\"https:\\\/\\\/optimaretail.eu\\\/fr\\\/#\\\/schema\\\/logo\\\/image\\\/\"},\"sameAs\":[\"https:\\\/\\\/www.facebook.com\\\/people\\\/Optima-Retail-SL\\\/61578005819425\\\/\"]},{\"@type\":\"Person\",\"@id\":\"https:\\\/\\\/optimaretail.eu\\\/fr\\\/#\\\/schema\\\/person\\\/df5f61697007f654d7ab48a34bbf825c\",\"name\":\"Marketing\"}]}<\/script>\n<!-- \/ Yoast SEO plugin. -->","yoast_head_json":{"title":"Jours pertinents dans le secteur de la vente au d\u00e9tail : lesquels sont-ils et comment en tirer le meilleur parti ? | Optima Retail","description":"Derni\u00e8res actualit\u00e9s sur Jours pertinents dans le secteur de la vente au d\u00e9tail : lesquels sont-ils et comment en tirer le meilleur parti ?","robots":{"index":"index","follow":"follow","max-snippet":"max-snippet:-1","max-image-preview":"max-image-preview:large","max-video-preview":"max-video-preview:-1"},"canonical":"https:\/\/optimaretail.eu\/fr\/jours-pertinents-dans-le-secteur-de-la-vente-au-detail-lesquels-sont-ils-et-comment-en-tirer-le-me\/","og_locale":"fr_FR","og_type":"article","og_title":"Jours pertinents dans le secteur de la vente au d\u00e9tail : lesquels sont-ils et comment en tirer le meilleur parti ? | Optima Retail","og_description":"Derni\u00e8res actualit\u00e9s sur Jours pertinents dans le secteur de la vente au d\u00e9tail : lesquels sont-ils et comment en tirer le meilleur parti ?","og_url":"https:\/\/optimaretail.eu\/fr\/jours-pertinents-dans-le-secteur-de-la-vente-au-detail-lesquels-sont-ils-et-comment-en-tirer-le-me\/","og_site_name":"Optima Retail","article_publisher":"https:\/\/www.facebook.com\/people\/Optima-Retail-SL\/61578005819425\/","article_published_time":"2024-09-26T09:48:29+00:00","article_modified_time":"2025-03-21T14:24:13+00:00","og_image":[{"width":800,"height":400,"url":"https:\/\/optimaretail.eu\/wp-content\/uploads\/2024\/09\/jours-pertinents-dans-le-secteur-de-la-vente-au-detail-lesquels-sont-ils-et-comment-en-tirer-le-meilleur-parti.jpg","type":"image\/jpeg"}],"author":"Marketing","twitter_card":"summary_large_image","twitter_misc":{"Written by":"Marketing","Est. reading time":"5 minutes"},"schema":{"@context":"https:\/\/schema.org","@graph":[{"@type":"Article","@id":"https:\/\/optimaretail.eu\/fr\/jours-pertinents-dans-le-secteur-de-la-vente-au-detail-lesquels-sont-ils-et-comment-en-tirer-le-me\/#article","isPartOf":{"@id":"https:\/\/optimaretail.eu\/fr\/jours-pertinents-dans-le-secteur-de-la-vente-au-detail-lesquels-sont-ils-et-comment-en-tirer-le-me\/"},"author":{"name":"Marketing","@id":"https:\/\/optimaretail.eu\/fr\/#\/schema\/person\/df5f61697007f654d7ab48a34bbf825c"},"headline":"Jours pertinents dans le secteur de la vente au d\u00e9tail : lesquels sont-ils et comment en tirer le meilleur parti ?","datePublished":"2024-09-26T09:48:29+00:00","dateModified":"2025-03-21T14:24:13+00:00","mainEntityOfPage":{"@id":"https:\/\/optimaretail.eu\/fr\/jours-pertinents-dans-le-secteur-de-la-vente-au-detail-lesquels-sont-ils-et-comment-en-tirer-le-me\/"},"wordCount":1134,"commentCount":0,"publisher":{"@id":"https:\/\/optimaretail.eu\/fr\/#organization"},"image":{"@id":"https:\/\/optimaretail.eu\/fr\/jours-pertinents-dans-le-secteur-de-la-vente-au-detail-lesquels-sont-ils-et-comment-en-tirer-le-me\/#primaryimage"},"thumbnailUrl":"https:\/\/optimaretail.eu\/wp-content\/uploads\/2024\/09\/jours-pertinents-dans-le-secteur-de-la-vente-au-detail-lesquels-sont-ils-et-comment-en-tirer-le-meilleur-parti.jpg","articleSection":["Strat\u00e9gies de vente et de client\u00e8le"],"inLanguage":"fr-FR","potentialAction":[{"@type":"CommentAction","name":"Comment","target":["https:\/\/optimaretail.eu\/fr\/jours-pertinents-dans-le-secteur-de-la-vente-au-detail-lesquels-sont-ils-et-comment-en-tirer-le-me\/#respond"]}]},{"@type":"WebPage","@id":"https:\/\/optimaretail.eu\/fr\/jours-pertinents-dans-le-secteur-de-la-vente-au-detail-lesquels-sont-ils-et-comment-en-tirer-le-me\/","url":"https:\/\/optimaretail.eu\/fr\/jours-pertinents-dans-le-secteur-de-la-vente-au-detail-lesquels-sont-ils-et-comment-en-tirer-le-me\/","name":"Jours pertinents dans le secteur de la vente au d\u00e9tail : lesquels sont-ils et comment en tirer le meilleur parti ? | Optima Retail","isPartOf":{"@id":"https:\/\/optimaretail.eu\/fr\/#website"},"primaryImageOfPage":{"@id":"https:\/\/optimaretail.eu\/fr\/jours-pertinents-dans-le-secteur-de-la-vente-au-detail-lesquels-sont-ils-et-comment-en-tirer-le-me\/#primaryimage"},"image":{"@id":"https:\/\/optimaretail.eu\/fr\/jours-pertinents-dans-le-secteur-de-la-vente-au-detail-lesquels-sont-ils-et-comment-en-tirer-le-me\/#primaryimage"},"thumbnailUrl":"https:\/\/optimaretail.eu\/wp-content\/uploads\/2024\/09\/jours-pertinents-dans-le-secteur-de-la-vente-au-detail-lesquels-sont-ils-et-comment-en-tirer-le-meilleur-parti.jpg","datePublished":"2024-09-26T09:48:29+00:00","dateModified":"2025-03-21T14:24:13+00:00","description":"Derni\u00e8res actualit\u00e9s sur Jours pertinents dans le secteur de la vente au d\u00e9tail : lesquels sont-ils et comment en tirer le meilleur parti ?","breadcrumb":{"@id":"https:\/\/optimaretail.eu\/fr\/jours-pertinents-dans-le-secteur-de-la-vente-au-detail-lesquels-sont-ils-et-comment-en-tirer-le-me\/#breadcrumb"},"inLanguage":"fr-FR","potentialAction":[{"@type":"ReadAction","target":["https:\/\/optimaretail.eu\/fr\/jours-pertinents-dans-le-secteur-de-la-vente-au-detail-lesquels-sont-ils-et-comment-en-tirer-le-me\/"]}]},{"@type":"ImageObject","inLanguage":"fr-FR","@id":"https:\/\/optimaretail.eu\/fr\/jours-pertinents-dans-le-secteur-de-la-vente-au-detail-lesquels-sont-ils-et-comment-en-tirer-le-me\/#primaryimage","url":"https:\/\/optimaretail.eu\/wp-content\/uploads\/2024\/09\/jours-pertinents-dans-le-secteur-de-la-vente-au-detail-lesquels-sont-ils-et-comment-en-tirer-le-meilleur-parti.jpg","contentUrl":"https:\/\/optimaretail.eu\/wp-content\/uploads\/2024\/09\/jours-pertinents-dans-le-secteur-de-la-vente-au-detail-lesquels-sont-ils-et-comment-en-tirer-le-meilleur-parti.jpg","width":800,"height":400,"caption":"Jours pertinents dans le secteur de la vente au d\u00e9tail : lesquels sont-ils et comment en tirer le meilleur parti ?"},{"@type":"BreadcrumbList","@id":"https:\/\/optimaretail.eu\/fr\/jours-pertinents-dans-le-secteur-de-la-vente-au-detail-lesquels-sont-ils-et-comment-en-tirer-le-me\/#breadcrumb","itemListElement":[{"@type":"ListItem","position":1,"name":"Optima Retail","item":"https:\/\/optimaretail.eu\/fr\/"},{"@type":"ListItem","position":2,"name":"Jours pertinents dans le secteur de la vente au d\u00e9tail : lesquels sont-ils et comment en tirer le meilleur parti ?"}]},{"@type":"WebSite","@id":"https:\/\/optimaretail.eu\/fr\/#website","url":"https:\/\/optimaretail.eu\/fr\/","name":"Optima Retail","description":"Maintenance de d\u00e9tail","publisher":{"@id":"https:\/\/optimaretail.eu\/fr\/#organization"},"potentialAction":[{"@type":"SearchAction","target":{"@type":"EntryPoint","urlTemplate":"https:\/\/optimaretail.eu\/fr\/?s={search_term_string}"},"query-input":{"@type":"PropertyValueSpecification","valueRequired":true,"valueName":"search_term_string"}}],"inLanguage":"fr-FR"},{"@type":"Organization","@id":"https:\/\/optimaretail.eu\/fr\/#organization","name":"Optima Retail","url":"https:\/\/optimaretail.eu\/fr\/","logo":{"@type":"ImageObject","inLanguage":"fr-FR","@id":"https:\/\/optimaretail.eu\/fr\/#\/schema\/logo\/image\/","url":"https:\/\/optimaretail.eu\/wp-content\/uploads\/2025\/02\/kit-por-defecto.svg","contentUrl":"https:\/\/optimaretail.eu\/wp-content\/uploads\/2025\/02\/kit-por-defecto.svg","width":499,"height":93,"caption":"Optima Retail"},"image":{"@id":"https:\/\/optimaretail.eu\/fr\/#\/schema\/logo\/image\/"},"sameAs":["https:\/\/www.facebook.com\/people\/Optima-Retail-SL\/61578005819425\/"]},{"@type":"Person","@id":"https:\/\/optimaretail.eu\/fr\/#\/schema\/person\/df5f61697007f654d7ab48a34bbf825c","name":"Marketing"}]}},"_links":{"self":[{"href":"https:\/\/optimaretail.eu\/fr\/wp-json\/wp\/v2\/posts\/6431","targetHints":{"allow":["GET"]}}],"collection":[{"href":"https:\/\/optimaretail.eu\/fr\/wp-json\/wp\/v2\/posts"}],"about":[{"href":"https:\/\/optimaretail.eu\/fr\/wp-json\/wp\/v2\/types\/post"}],"author":[{"embeddable":true,"href":"https:\/\/optimaretail.eu\/fr\/wp-json\/wp\/v2\/users\/5"}],"replies":[{"embeddable":true,"href":"https:\/\/optimaretail.eu\/fr\/wp-json\/wp\/v2\/comments?post=6431"}],"version-history":[{"count":1,"href":"https:\/\/optimaretail.eu\/fr\/wp-json\/wp\/v2\/posts\/6431\/revisions"}],"predecessor-version":[{"id":9843,"href":"https:\/\/optimaretail.eu\/fr\/wp-json\/wp\/v2\/posts\/6431\/revisions\/9843"}],"wp:featuredmedia":[{"embeddable":true,"href":"https:\/\/optimaretail.eu\/fr\/wp-json\/wp\/v2\/media\/7906"}],"wp:attachment":[{"href":"https:\/\/optimaretail.eu\/fr\/wp-json\/wp\/v2\/media?parent=6431"}],"wp:term":[{"taxonomy":"category","embeddable":true,"href":"https:\/\/optimaretail.eu\/fr\/wp-json\/wp\/v2\/categories?post=6431"},{"taxonomy":"post_tag","embeddable":true,"href":"https:\/\/optimaretail.eu\/fr\/wp-json\/wp\/v2\/tags?post=6431"}],"curies":[{"name":"wp","href":"https:\/\/api.w.org\/{rel}","templated":true}]}}