{"id":6895,"date":"2024-03-05T12:58:20","date_gmt":"2024-03-05T11:58:20","guid":{"rendered":"https:\/\/optima.yvonnefuertes.com\/?p=6895"},"modified":"2025-03-21T15:32:02","modified_gmt":"2025-03-21T14:32:02","slug":"developpement-durable-commerce-detail","status":"publish","type":"post","link":"https:\/\/optimaretail.eu\/fr\/developpement-durable-commerce-detail\/","title":{"rendered":"5 cl\u00e9s du d\u00e9veloppement durable Commerce de d\u00e9tail"},"content":{"rendered":"\n<p id=\"viewer-xfd874853\"><strong>Dans le monde fascinant de la vente au d\u00e9tail, le d\u00e9veloppement durable appara\u00eet comme un d\u00e9fi passionnant pour les d\u00e9taillants!<\/strong><\/p>\n\n\n\n<blockquote class=\"wp-block-quote is-layout-flow wp-block-quote-is-layout-flow\">\n<p>H\u00e9, parlons d&rsquo;un sujet important!<\/p>\n<\/blockquote>\n\n\n\n<p id=\"viewer-9m8g9\">Aujourd&rsquo;hui, les consommateurs sont plus exigeants que jamais et ils demandent aux entreprises, <strong>en particulier dans le monde de la distribution, de s&rsquo;inscrire dans la tendance<\/strong> mondiale de la durabilit\u00e9. Il est temps de changer la philosophie et la fa\u00e7on de faire des affaires pour s&rsquo;adapter \u00e0 cette nouvelle \u00e8re de responsabilit\u00e9 environnementale et sociale !<\/p>\n\n\n\n<p id=\"viewer-536pp\">Pour les consommateurs, <strong>il ne suffit pas que les marques soient performantes<\/strong> en termes \u00e9conomiques. D\u00e9sormais,<strong> l&rsquo;impact social et environnemental doit \u00e9galement<\/strong> \u00eatre contr\u00f4l\u00e9 et pris en compte. Dans ce monde de plus en plus conscient, l&rsquo;\u00e9thique des affaires est <strong>fondamentale pour construire une relation forte<\/strong> et durable avec les clients.<\/p>\n\n\n\n<p id=\"viewer-ud1my92920\">d\u00e9veloppement durable Commerce de d\u00e9tail<\/p>\n\n\n\n<p id=\"viewer-6j8i7\">Il est essentiel de garder \u00e0 l&rsquo;esprit qu&rsquo;aujourd&rsquo;hui, notre soci\u00e9t\u00e9 exige la durabilit\u00e9. Ce n&rsquo;est plus une option, <strong>c&rsquo;est la voie \u00e0 suivre<\/strong> si nous voulons vraiment contribuer au r\u00e9tablissement de notre monde et pr\u00e9server la r\u00e9putation de notre marque.<\/p>\n\n\n\n<p id=\"viewer-91qm027600\"><em>De petites actions peuvent g\u00e9n\u00e9rer des changements significatifs et positifs qui auront un impact important ! Allons de l&rsquo;avant avec d\u00e9termination et responsabilit\u00e9.<\/em><\/p>\n\n\n\n<h2 class=\"wp-block-heading\" id=\"viewer-1mchs\">La durabilit\u00e9 dans le monde du commerce de d\u00e9tail<\/h2>\n\n\n\n<h2 class=\"wp-block-heading\" id=\"viewer-de3fp\"><\/h2>\n\n\n\n<p id=\"viewer-aldah\">Les consommateurs r\u00e9clament \u00e0 cor et \u00e0 cri que les entreprises soient durables, n&rsquo;est-ce pas? <strong>Qu&rsquo;en est-il de l&rsquo;\u00e9tat de la durabilit\u00e9 dans les commerces de d\u00e9tail en Espagne &#8211; font-ils vraiment ce qu&rsquo;il faut pour \u00eatre plus durables?<\/strong> De plus en plus soucieux de l&rsquo;environnement, les consommateurs optent pour des entreprises dont les valeurs en mati\u00e8re de d\u00e9veloppement durable correspondent aux leurs.<\/p>\n\n\n\n<blockquote class=\"wp-block-quote is-layout-flow wp-block-quote-is-layout-flow\">\n<p>Il est temps d&rsquo;y r\u00e9fl\u00e9chir et de voir o\u00f9 nous allons !<\/p>\n<\/blockquote>\n\n\n\n<h2 class=\"wp-block-heading\" id=\"viewer-1k00\">Pourquoi investir dans le commerce de d\u00e9tail durable?<\/h2>\n\n\n\n<h3 class=\"wp-block-heading\" id=\"viewer-ak90p\"><\/h3>\n\n\n\n<p id=\"viewer-3j9ao\">Parlons d&rsquo;un sujet qui nous concerne tous ! Le manque de ressources, la pauvret\u00e9 mondiale, l&rsquo;invasion des plastiques dans nos oc\u00e9ans et les ravages du changement climatique nous pr\u00e9occupent tous en mati\u00e8re de durabilit\u00e9.<\/p>\n\n\n\n<p id=\"viewer-32vpw46973\">Mais pourquoi devrions-nous opter pour un commerce de d\u00e9tail durable ? Parce que nos clients l&rsquo;exigent ! Selon une \u00e9tude de Cone Communications, <strong>le d\u00e9veloppement durable a un impact majeur sur nos d\u00e9cisions d&rsquo;achat.<\/strong><\/p>\n\n\n\n<p id=\"viewer-hukc546975\">Cette \u00e9tude a r\u00e9v\u00e9l\u00e9 qu&rsquo;aux \u00c9tats-Unis,<strong> pas moins de 87 % des personnes pr\u00e9f\u00e9reraient acheter des produits provenant d&rsquo;entreprises engag\u00e9es dans une d\u00e9marche de responsabilit\u00e9 sociale et environnementale!<\/strong><\/p>\n\n\n\n<figure class=\"wp-block-image\"><img decoding=\"async\" src=\"https:\/\/optimaretail.eu\/wp-content\/uploads\/2025\/03\/5-keys-to-sustainability-in-retail.jpg\" alt=\"investir dans le commerce de d\u00e9tail durable - Optima Retail\"\/><figcaption class=\"wp-element-caption\">Investir dans le commerce de d\u00e9tail durable<\/figcaption><\/figure>\n\n\n\n<h2 class=\"wp-block-heading\" id=\"viewer-53j2m\">L&rsquo;heure est \u00e0 l&rsquo;\u00e9cologie<\/h2>\n\n\n\n<p id=\"viewer-iy4m270825\"><strong>Voici 5 conseils pour rendre votre commerce de d\u00e9tail durable &#8211; lisez la suite!<\/strong><\/p>\n\n\n\n<p id=\"viewer-92g8m\"><strong>Voici quelques actions quotidiennes que vous pouvez mettre en \u0153uvre dans votre commerce de d\u00e9tail pour favoriser le d\u00e9veloppement durable:<\/strong><\/p>\n\n\n\n<p id=\"viewer-e8q1g91094\"><strong>1.- Efficacit\u00e9 \u00e9nerg\u00e9tique:<\/strong> Optez pour des \u00e9clairages, des \u00e9quipements et des appareils \u00e9lectrom\u00e9nagers \u00e9conomes en \u00e9nergie.<\/p>\n\n\n\n<p id=\"viewer-b49dt102508\"><strong><em>Recherchez les labels qui certifient l&rsquo;efficacit\u00e9 \u00e9nerg\u00e9tique!<\/em><\/strong><\/p>\n\n\n\n<p id=\"viewer-imga087267\"><strong>2.- Num\u00e9risation:<\/strong> R\u00e9duisez autant que possible l&rsquo;utilisation du papier &#8211; <strong>num\u00e9risez tout ce que vous pouvez!<\/strong> Qu&rsquo;il s&rsquo;agisse de transactions ou de manuels pour les employ\u00e9s, envoyez-les par courrier \u00e9lectronique ou par d&rsquo;autres moyens num\u00e9riques.<\/p>\n\n\n\n<p id=\"viewer-zh3fw87269\"><strong>3.- Gestion des d\u00e9chets:<\/strong> \u00c9liminez correctement vos d\u00e9chets commerciaux. La r\u00e9utilisation est essentielle pour r\u00e9duire l&rsquo;accumulation de d\u00e9chets &#8211; donner ce dont vous n&rsquo;avez pas besoin est un excellent moyen de lutter contre ce probl\u00e8me et d&rsquo;aider les autres!<\/p>\n\n\n\n<blockquote class=\"wp-block-quote is-layout-flow wp-block-quote-is-layout-flow\">\n<p>Gr\u00e2ce \u00e0 ces mesures simples mais efficaces, votre commerce de d\u00e9tail sera sur la voie de la durabilit\u00e9!<\/p>\n<\/blockquote>\n\n\n\n<h3 class=\"wp-block-heading\" id=\"viewer-7g4rg\">2- Utiliser des emballages durables<\/h3>\n\n\n\n<p id=\"viewer-b2rur\">En ce qui concerne l&rsquo;utilisation d&#8217;emballages durables, nous pouvons dire qu&rsquo;il s&rsquo;agit d&#8217;emballages produits et utilis\u00e9s conform\u00e9ment \u00e0 des crit\u00e8res de durabilit\u00e9 environnementale et de respect de la nature.<\/p>\n\n\n\n<p id=\"viewer-9nmu5\">Il est impossible de remplacer 100 % des emballages, mais nous <strong>devons nous efforcer d&rsquo;incorporer des mat\u00e9riaux plus respectueux de l&rsquo;environnement<\/strong>, tant dans les magasins physiques que dans les boutiques en ligne dans toute l&rsquo;Espagne.<\/p>\n\n\n\n<h3 class=\"wp-block-heading\" id=\"viewer-2svn5\">3- Donnons un coup de main \u00e0 nos clients lorsqu&rsquo;ils font leurs achats dans notre magasin.<\/h3>\n\n\n\n<p id=\"viewer-dutvm117045\">Faites-leur conna\u00eetre toutes les options durables disponibles dans tous les secteurs de notre commerce de d\u00e9tail. Ils auront ainsi <strong>la certitude<\/strong> qu&rsquo;en nous choisissant, ils font la diff\u00e9rence et que nous continuerons \u00e0 montrer la voie vers un monde meilleur.<\/p>\n\n\n\n<p id=\"viewer-ccsck\">Les actions men\u00e9es, qui permettent aux clients de planter des arbres \u00e0 chaque commande dans diff\u00e9rentes r\u00e9gions du monde qui ont souffert de la d\u00e9forestation, <strong>aident les clients \u00e0 sentir<\/strong> qu&rsquo;ils jouent un r\u00f4le important dans le changement et la durabilit\u00e9 de l&rsquo;entreprise.<\/p>\n\n\n\n<h3 class=\"wp-block-heading\" id=\"viewer-dfhnh\">4- Int\u00e9grer le commerce durable dans l&rsquo;histoire de votre marque<\/h3>\n\n\n\n<p id=\"viewer-4mtqn\">Pour que le commerce durable devienne partie int\u00e9grante de la marque, <strong>nous devons nous engager publiquement dans des activit\u00e9s durables<\/strong>. Nous devons nous concentrer sur la visibilit\u00e9 de notre \u00e9volution vers la durabilit\u00e9.<\/p>\n\n\n\n<p id=\"viewer-ca121\">Il est important que nos consommateurs sachent que nous \u0153uvrons en faveur d&rsquo;un commerce de d\u00e9tail durable et qu&rsquo;ils ont tout \u00e0 gagner \u00e0 nous soutenir, eux et la plan\u00e8te sur laquelle nous vivons.<\/p>\n\n\n\n<p id=\"viewer-56o8a\">Le <strong>marketing de contenu<\/strong> serait un outil extraordinaire pour nous aider \u00e0 \u00eatre pr\u00e9sents sur les r\u00e9seaux sociaux et \u00e0 transmettre \u00e0 l&rsquo;ensemble de la communaut\u00e9 num\u00e9rique le message selon lequel nous nous orientons vers une activit\u00e9 commerciale durable.<\/p>\n\n\n\n<blockquote class=\"wp-block-quote is-layout-flow wp-block-quote-is-layout-flow\">\n<p>L&rsquo;id\u00e9e est qu&rsquo;ils associent notre marque \u00e0 l&rsquo;effort global de durabilit\u00e9 \u00e9conomique et environnementale.<\/p>\n<\/blockquote>\n\n\n\n<h3 class=\"wp-block-heading\" id=\"viewer-3kffe\">5- Attention, le greenwashing doit \u00eatre \u00e9vit\u00e9 \u00e0 tout prix!<\/h3>\n\n\n\n<h3 class=\"wp-block-heading\" id=\"viewer-cslmc\"><\/h3>\n\n\n\n<p id=\"viewer-b8hr0\">Malheureusement, de nombreuses entreprises tentent d&rsquo;induire les consommateurs en erreur avec des \u00e9tiquettes et des donn\u00e9es qui ne refl\u00e8tent pas la r\u00e9alit\u00e9 de leurs produits.<\/p>\n\n\n\n<p id=\"viewer-acc05153359\">Par cons\u00e9quent, de plus en plus de personnes demandent que les entreprises affichent leurs r\u00e9f\u00e9rences vertes de mani\u00e8re transparente.<\/p>\n\n\n\n<p id=\"viewer-fq0rn161142\"><strong>Pour y rem\u00e9dier, il suffit de se faire certifier!<\/strong> Non seulement votre marque sera plus digne de confiance, mais vous vous distinguerez \u00e9galement en tant que leader du commerce durable.<\/p>\n\n\n\n<p id=\"viewer-x4ugu153361\"><strong>Montrez que vous vous souciez de l&rsquo;environnement et que vous vous engagez \u00e0 faire votre part pour relever les d\u00e9fis environnementaux auxquels notre soci\u00e9t\u00e9 est confront\u00e9e. Il est temps de faire partie de la solution, et non du probl\u00e8me !<\/strong><\/p>\n\n\n\n<p id=\"viewer-8ddfz206281\">Chez Optima Retail, nous sommes sp\u00e9cialis\u00e9s dans TOUT ce dont vous pouvez avoir besoin dans les magasins de d\u00e9tail, quel que soit le type de service dont vous avez besoin, rien n&rsquo;est hors de notre port\u00e9e.<\/p>\n\n\n\n<p id=\"viewer-viewer-jcmvr764\">&nbsp;<\/p>\n\n\n\n<p id=\"viewer-viewer-s6bcr766\">Avec une <strong>pr\u00e9sence mondiale dans plus de 50 pays<\/strong>, nous nous engageons \u00e0 fournir \u00e0 nos clients un service unifi\u00e9 qui s&rsquo;adapte parfaitement aux exigences de rapidit\u00e9 du commerce de d\u00e9tail.<\/p>\n\n\n\n<h2 class=\"wp-block-heading\" id=\"viewer-wz24j23397\">POUR QUE TOUT FONCTIONNE, L&rsquo;ENTRETIEN EST LA CL\u00c9<\/h2>\n\n\n\n<figure class=\"wp-block-image\"><img decoding=\"async\" src=\"https:\/\/optimaretail.eu\/wp-content\/uploads\/2025\/03\/5-cles-du-developpement-durable-commerce-de-detail.jpg\" alt=\"Expertos en mantenimiento y reparaciones de Retail en todo el mundo - Garantiza una asistencia sin preocupaciones poniendo a su disposici\u00f3n un Facility Manager dedicado que siempre ser\u00e1 su contacto.\"\/><figcaption class=\"wp-element-caption\">Optima Retail &#8211; Smart Facility Management<\/figcaption><\/figure>\n\n\n\n<p id=\"viewer-fnkmg23473\">Optima Retail: Experts en maintenance et r\u00e9paration de magasins dans le monde entier<\/p>\n\n\n\n<p id=\"viewer-viewer-viewer-viewer-o51jr64453\"><strong>Pourquoi \u00eatre impatient d&rsquo;obtenir un bon plan d&rsquo;entretien?<\/strong><\/p>\n\n\n\n<p id=\"viewer-viewer-viewer-viewer-zvryt117788\">En effet, la maintenance pr\u00e9dictive vous permet non seulement de maintenir le bon fonctionnement de votre \u00e9quipement, mais aussi de gagner du temps et de l&rsquo;argent.<strong> Qui ne souhaite pas cela, n&rsquo;est-ce pas?<\/strong><\/p>\n\n\n\n<p id=\"viewer-viewer-viewer-viewer-b1dsi63729\">Gr\u00e2ce \u00e0 la maintenance pr\u00e9dictive, vous pouvez surveiller l&rsquo;\u00e9tat de votre \u00e9quipement en temps r\u00e9el et pr\u00e9voir les d\u00e9faillances potentielles avant qu&rsquo;elles ne se produisent. Cela signifie moins de temps d&rsquo;arr\u00eat, des co\u00fbts de maintenance r\u00e9duits et une production plus efficace &#8211; <strong>c&rsquo;est comme avoir un super pouvoir pour votre commerce de d\u00e9tail!<\/strong><\/p>\n\n\n\n<p id=\"viewer-viewer-viewer-viewer-13y8m169330\"><strong>Optima Retail: <\/strong>Experts en maintenance et r\u00e9paration de magasins dans le monde entier &#8211; Garantit une assistance sans souci en mettant \u00e0 votre disposition un Facility Manager d\u00e9di\u00e9 qui sera toujours votre interlocuteur.<\/p>\n\n\n\n<p id=\"viewer-4e4zz26314\"><\/p>\n\n\n\n<div class=\"wp-block-buttons is-layout-flex wp-block-buttons-is-layout-flex\">\n<div class=\"wp-block-button has-custom-font-size is-style-fill\" style=\"font-size:15px\"><a class=\"wp-block-button__link has-white-color has-text-color has-background has-link-color wp-element-button\" href=\"https:\/\/optimaretail.eu\/fr\/demander-un-devis\/\" style=\"background-color:#0086ff\">DEMANDER UN DEVIS<\/a><\/div>\n<\/div>\n\n\n\n<p id=\"viewer-4e4zz26314\"><\/p>\n\n\n\n<p id=\"viewer-o2bbw90878\">Rejoignez notre Newsletter et restez inform\u00e9 sur le monde de la distribution <a target=\"_blank\" href=\"https:\/\/www.linkedin.com\/build-relation\/newsletter-follow?entityUrn=7069276453728583680\" rel=\"noreferrer noopener\"><u>ABONNEZ-MOI<\/u><\/a><\/p>\n","protected":false},"excerpt":{"rendered":"<p>Dans le monde fascinant de la vente au d\u00e9tail, le d\u00e9veloppement durable appara\u00eet comme un d\u00e9fi passionnant pour les d\u00e9taillants! H\u00e9, parlons d&rsquo;un sujet important! Aujourd&rsquo;hui, les consommateurs sont plus exigeants que jamais et ils demandent aux entreprises, en particulier dans le monde de la distribution, de s&rsquo;inscrire dans la tendance mondiale de la durabilit\u00e9. [&hellip;]<\/p>\n","protected":false},"author":5,"featured_media":8026,"comment_status":"open","ping_status":"open","sticky":false,"template":"","format":"standard","meta":{"_acf_changed":false,"rop_custom_images_group":[],"rop_custom_messages_group":[],"rop_publish_now":"initial","rop_publish_now_accounts":{"facebook_122097394580933375_751730124684203":""},"rop_publish_now_history":[],"rop_publish_now_status":"pending","footnotes":""},"categories":[67],"tags":[],"class_list":["post-6895","post","type-post","status-publish","format-standard","has-post-thumbnail","hentry","category-maintenance-et-operations-de-vente-au-detail"],"acf":[],"yoast_head":"<!-- This site is optimized with the Yoast SEO plugin v27.3 - https:\/\/yoast.com\/product\/yoast-seo-wordpress\/ -->\n<title>5 cl\u00e9s du d\u00e9veloppement durable Commerce de d\u00e9tail | Optima Retail<\/title>\n<meta name=\"description\" content=\"Derni\u00e8res actualit\u00e9s sur 5 cl\u00e9s du d\u00e9veloppement durable Commerce de d\u00e9tail\" \/>\n<meta name=\"robots\" content=\"index, follow, max-snippet:-1, max-image-preview:large, max-video-preview:-1\" \/>\n<link rel=\"canonical\" href=\"https:\/\/optimaretail.eu\/fr\/developpement-durable-commerce-detail\/\" \/>\n<meta property=\"og:locale\" content=\"fr_FR\" \/>\n<meta property=\"og:type\" content=\"article\" \/>\n<meta property=\"og:title\" content=\"5 cl\u00e9s du d\u00e9veloppement durable Commerce de d\u00e9tail | Optima Retail\" \/>\n<meta property=\"og:description\" content=\"Derni\u00e8res actualit\u00e9s sur 5 cl\u00e9s du d\u00e9veloppement durable Commerce de d\u00e9tail\" \/>\n<meta property=\"og:url\" content=\"https:\/\/optimaretail.eu\/fr\/developpement-durable-commerce-detail\/\" \/>\n<meta property=\"og:site_name\" content=\"Optima Retail\" \/>\n<meta property=\"article:publisher\" content=\"https:\/\/www.facebook.com\/people\/Optima-Retail-SL\/61578005819425\/\" \/>\n<meta property=\"article:published_time\" content=\"2024-03-05T11:58:20+00:00\" \/>\n<meta property=\"article:modified_time\" content=\"2025-03-21T14:32:02+00:00\" \/>\n<meta property=\"og:image\" content=\"https:\/\/optimaretail.eu\/wp-content\/uploads\/2024\/03\/5-cles-du-developpement-durable-commerce-de-detail.jpg\" \/>\n\t<meta property=\"og:image:width\" content=\"1600\" \/>\n\t<meta property=\"og:image:height\" content=\"836\" \/>\n\t<meta property=\"og:image:type\" content=\"image\/jpeg\" \/>\n<meta name=\"author\" content=\"Marketing\" \/>\n<meta name=\"twitter:card\" content=\"summary_large_image\" \/>\n<meta name=\"twitter:label1\" content=\"Written by\" \/>\n\t<meta name=\"twitter:data1\" content=\"Marketing\" \/>\n\t<meta name=\"twitter:label2\" content=\"Est. reading time\" \/>\n\t<meta name=\"twitter:data2\" content=\"6 minutes\" \/>\n<script type=\"application\/ld+json\" class=\"yoast-schema-graph\">{\"@context\":\"https:\\\/\\\/schema.org\",\"@graph\":[{\"@type\":\"Article\",\"@id\":\"https:\\\/\\\/optimaretail.eu\\\/fr\\\/developpement-durable-commerce-detail\\\/#article\",\"isPartOf\":{\"@id\":\"https:\\\/\\\/optimaretail.eu\\\/fr\\\/developpement-durable-commerce-detail\\\/\"},\"author\":{\"name\":\"Marketing\",\"@id\":\"https:\\\/\\\/optimaretail.eu\\\/fr\\\/#\\\/schema\\\/person\\\/df5f61697007f654d7ab48a34bbf825c\"},\"headline\":\"5 cl\u00e9s du d\u00e9veloppement durable Commerce de d\u00e9tail\",\"datePublished\":\"2024-03-05T11:58:20+00:00\",\"dateModified\":\"2025-03-21T14:32:02+00:00\",\"mainEntityOfPage\":{\"@id\":\"https:\\\/\\\/optimaretail.eu\\\/fr\\\/developpement-durable-commerce-detail\\\/\"},\"wordCount\":1353,\"commentCount\":0,\"publisher\":{\"@id\":\"https:\\\/\\\/optimaretail.eu\\\/fr\\\/#organization\"},\"image\":{\"@id\":\"https:\\\/\\\/optimaretail.eu\\\/fr\\\/developpement-durable-commerce-detail\\\/#primaryimage\"},\"thumbnailUrl\":\"https:\\\/\\\/optimaretail.eu\\\/wp-content\\\/uploads\\\/2024\\\/03\\\/5-cles-du-developpement-durable-commerce-de-detail.jpg\",\"articleSection\":[\"Maintenance et op\u00e9rations de vente au d\u00e9tail\"],\"inLanguage\":\"fr-FR\",\"potentialAction\":[{\"@type\":\"CommentAction\",\"name\":\"Comment\",\"target\":[\"https:\\\/\\\/optimaretail.eu\\\/fr\\\/developpement-durable-commerce-detail\\\/#respond\"]}]},{\"@type\":\"WebPage\",\"@id\":\"https:\\\/\\\/optimaretail.eu\\\/fr\\\/developpement-durable-commerce-detail\\\/\",\"url\":\"https:\\\/\\\/optimaretail.eu\\\/fr\\\/developpement-durable-commerce-detail\\\/\",\"name\":\"5 cl\u00e9s du d\u00e9veloppement durable Commerce de d\u00e9tail | Optima Retail\",\"isPartOf\":{\"@id\":\"https:\\\/\\\/optimaretail.eu\\\/fr\\\/#website\"},\"primaryImageOfPage\":{\"@id\":\"https:\\\/\\\/optimaretail.eu\\\/fr\\\/developpement-durable-commerce-detail\\\/#primaryimage\"},\"image\":{\"@id\":\"https:\\\/\\\/optimaretail.eu\\\/fr\\\/developpement-durable-commerce-detail\\\/#primaryimage\"},\"thumbnailUrl\":\"https:\\\/\\\/optimaretail.eu\\\/wp-content\\\/uploads\\\/2024\\\/03\\\/5-cles-du-developpement-durable-commerce-de-detail.jpg\",\"datePublished\":\"2024-03-05T11:58:20+00:00\",\"dateModified\":\"2025-03-21T14:32:02+00:00\",\"description\":\"Derni\u00e8res actualit\u00e9s sur 5 cl\u00e9s du d\u00e9veloppement durable Commerce de d\u00e9tail\",\"breadcrumb\":{\"@id\":\"https:\\\/\\\/optimaretail.eu\\\/fr\\\/developpement-durable-commerce-detail\\\/#breadcrumb\"},\"inLanguage\":\"fr-FR\",\"potentialAction\":[{\"@type\":\"ReadAction\",\"target\":[\"https:\\\/\\\/optimaretail.eu\\\/fr\\\/developpement-durable-commerce-detail\\\/\"]}]},{\"@type\":\"ImageObject\",\"inLanguage\":\"fr-FR\",\"@id\":\"https:\\\/\\\/optimaretail.eu\\\/fr\\\/developpement-durable-commerce-detail\\\/#primaryimage\",\"url\":\"https:\\\/\\\/optimaretail.eu\\\/wp-content\\\/uploads\\\/2024\\\/03\\\/5-cles-du-developpement-durable-commerce-de-detail.jpg\",\"contentUrl\":\"https:\\\/\\\/optimaretail.eu\\\/wp-content\\\/uploads\\\/2024\\\/03\\\/5-cles-du-developpement-durable-commerce-de-detail.jpg\",\"width\":1600,\"height\":836,\"caption\":\"5 cl\u00e9s du d\u00e9veloppement durable Commerce de d\u00e9tail\"},{\"@type\":\"BreadcrumbList\",\"@id\":\"https:\\\/\\\/optimaretail.eu\\\/fr\\\/developpement-durable-commerce-detail\\\/#breadcrumb\",\"itemListElement\":[{\"@type\":\"ListItem\",\"position\":1,\"name\":\"Optima Retail\",\"item\":\"https:\\\/\\\/optimaretail.eu\\\/fr\\\/\"},{\"@type\":\"ListItem\",\"position\":2,\"name\":\"5 cl\u00e9s du d\u00e9veloppement durable Commerce de d\u00e9tail\"}]},{\"@type\":\"WebSite\",\"@id\":\"https:\\\/\\\/optimaretail.eu\\\/fr\\\/#website\",\"url\":\"https:\\\/\\\/optimaretail.eu\\\/fr\\\/\",\"name\":\"Optima Retail\",\"description\":\"Maintenance de d\u00e9tail\",\"publisher\":{\"@id\":\"https:\\\/\\\/optimaretail.eu\\\/fr\\\/#organization\"},\"potentialAction\":[{\"@type\":\"SearchAction\",\"target\":{\"@type\":\"EntryPoint\",\"urlTemplate\":\"https:\\\/\\\/optimaretail.eu\\\/fr\\\/?s={search_term_string}\"},\"query-input\":{\"@type\":\"PropertyValueSpecification\",\"valueRequired\":true,\"valueName\":\"search_term_string\"}}],\"inLanguage\":\"fr-FR\"},{\"@type\":\"Organization\",\"@id\":\"https:\\\/\\\/optimaretail.eu\\\/fr\\\/#organization\",\"name\":\"Optima Retail\",\"url\":\"https:\\\/\\\/optimaretail.eu\\\/fr\\\/\",\"logo\":{\"@type\":\"ImageObject\",\"inLanguage\":\"fr-FR\",\"@id\":\"https:\\\/\\\/optimaretail.eu\\\/fr\\\/#\\\/schema\\\/logo\\\/image\\\/\",\"url\":\"https:\\\/\\\/optimaretail.eu\\\/wp-content\\\/uploads\\\/2025\\\/02\\\/kit-por-defecto.svg\",\"contentUrl\":\"https:\\\/\\\/optimaretail.eu\\\/wp-content\\\/uploads\\\/2025\\\/02\\\/kit-por-defecto.svg\",\"width\":499,\"height\":93,\"caption\":\"Optima Retail\"},\"image\":{\"@id\":\"https:\\\/\\\/optimaretail.eu\\\/fr\\\/#\\\/schema\\\/logo\\\/image\\\/\"},\"sameAs\":[\"https:\\\/\\\/www.facebook.com\\\/people\\\/Optima-Retail-SL\\\/61578005819425\\\/\"]},{\"@type\":\"Person\",\"@id\":\"https:\\\/\\\/optimaretail.eu\\\/fr\\\/#\\\/schema\\\/person\\\/df5f61697007f654d7ab48a34bbf825c\",\"name\":\"Marketing\"}]}<\/script>\n<!-- \/ Yoast SEO plugin. -->","yoast_head_json":{"title":"5 cl\u00e9s du d\u00e9veloppement durable Commerce de d\u00e9tail | Optima Retail","description":"Derni\u00e8res actualit\u00e9s sur 5 cl\u00e9s du d\u00e9veloppement durable Commerce de d\u00e9tail","robots":{"index":"index","follow":"follow","max-snippet":"max-snippet:-1","max-image-preview":"max-image-preview:large","max-video-preview":"max-video-preview:-1"},"canonical":"https:\/\/optimaretail.eu\/fr\/developpement-durable-commerce-detail\/","og_locale":"fr_FR","og_type":"article","og_title":"5 cl\u00e9s du d\u00e9veloppement durable Commerce de d\u00e9tail | Optima Retail","og_description":"Derni\u00e8res actualit\u00e9s sur 5 cl\u00e9s du d\u00e9veloppement durable Commerce de d\u00e9tail","og_url":"https:\/\/optimaretail.eu\/fr\/developpement-durable-commerce-detail\/","og_site_name":"Optima Retail","article_publisher":"https:\/\/www.facebook.com\/people\/Optima-Retail-SL\/61578005819425\/","article_published_time":"2024-03-05T11:58:20+00:00","article_modified_time":"2025-03-21T14:32:02+00:00","og_image":[{"width":1600,"height":836,"url":"https:\/\/optimaretail.eu\/wp-content\/uploads\/2024\/03\/5-cles-du-developpement-durable-commerce-de-detail.jpg","type":"image\/jpeg"}],"author":"Marketing","twitter_card":"summary_large_image","twitter_misc":{"Written by":"Marketing","Est. reading time":"6 minutes"},"schema":{"@context":"https:\/\/schema.org","@graph":[{"@type":"Article","@id":"https:\/\/optimaretail.eu\/fr\/developpement-durable-commerce-detail\/#article","isPartOf":{"@id":"https:\/\/optimaretail.eu\/fr\/developpement-durable-commerce-detail\/"},"author":{"name":"Marketing","@id":"https:\/\/optimaretail.eu\/fr\/#\/schema\/person\/df5f61697007f654d7ab48a34bbf825c"},"headline":"5 cl\u00e9s du d\u00e9veloppement durable Commerce de d\u00e9tail","datePublished":"2024-03-05T11:58:20+00:00","dateModified":"2025-03-21T14:32:02+00:00","mainEntityOfPage":{"@id":"https:\/\/optimaretail.eu\/fr\/developpement-durable-commerce-detail\/"},"wordCount":1353,"commentCount":0,"publisher":{"@id":"https:\/\/optimaretail.eu\/fr\/#organization"},"image":{"@id":"https:\/\/optimaretail.eu\/fr\/developpement-durable-commerce-detail\/#primaryimage"},"thumbnailUrl":"https:\/\/optimaretail.eu\/wp-content\/uploads\/2024\/03\/5-cles-du-developpement-durable-commerce-de-detail.jpg","articleSection":["Maintenance et op\u00e9rations de vente au d\u00e9tail"],"inLanguage":"fr-FR","potentialAction":[{"@type":"CommentAction","name":"Comment","target":["https:\/\/optimaretail.eu\/fr\/developpement-durable-commerce-detail\/#respond"]}]},{"@type":"WebPage","@id":"https:\/\/optimaretail.eu\/fr\/developpement-durable-commerce-detail\/","url":"https:\/\/optimaretail.eu\/fr\/developpement-durable-commerce-detail\/","name":"5 cl\u00e9s du d\u00e9veloppement durable Commerce de d\u00e9tail | Optima Retail","isPartOf":{"@id":"https:\/\/optimaretail.eu\/fr\/#website"},"primaryImageOfPage":{"@id":"https:\/\/optimaretail.eu\/fr\/developpement-durable-commerce-detail\/#primaryimage"},"image":{"@id":"https:\/\/optimaretail.eu\/fr\/developpement-durable-commerce-detail\/#primaryimage"},"thumbnailUrl":"https:\/\/optimaretail.eu\/wp-content\/uploads\/2024\/03\/5-cles-du-developpement-durable-commerce-de-detail.jpg","datePublished":"2024-03-05T11:58:20+00:00","dateModified":"2025-03-21T14:32:02+00:00","description":"Derni\u00e8res actualit\u00e9s sur 5 cl\u00e9s du d\u00e9veloppement durable Commerce de d\u00e9tail","breadcrumb":{"@id":"https:\/\/optimaretail.eu\/fr\/developpement-durable-commerce-detail\/#breadcrumb"},"inLanguage":"fr-FR","potentialAction":[{"@type":"ReadAction","target":["https:\/\/optimaretail.eu\/fr\/developpement-durable-commerce-detail\/"]}]},{"@type":"ImageObject","inLanguage":"fr-FR","@id":"https:\/\/optimaretail.eu\/fr\/developpement-durable-commerce-detail\/#primaryimage","url":"https:\/\/optimaretail.eu\/wp-content\/uploads\/2024\/03\/5-cles-du-developpement-durable-commerce-de-detail.jpg","contentUrl":"https:\/\/optimaretail.eu\/wp-content\/uploads\/2024\/03\/5-cles-du-developpement-durable-commerce-de-detail.jpg","width":1600,"height":836,"caption":"5 cl\u00e9s du d\u00e9veloppement durable Commerce de d\u00e9tail"},{"@type":"BreadcrumbList","@id":"https:\/\/optimaretail.eu\/fr\/developpement-durable-commerce-detail\/#breadcrumb","itemListElement":[{"@type":"ListItem","position":1,"name":"Optima Retail","item":"https:\/\/optimaretail.eu\/fr\/"},{"@type":"ListItem","position":2,"name":"5 cl\u00e9s du d\u00e9veloppement durable Commerce de d\u00e9tail"}]},{"@type":"WebSite","@id":"https:\/\/optimaretail.eu\/fr\/#website","url":"https:\/\/optimaretail.eu\/fr\/","name":"Optima Retail","description":"Maintenance de d\u00e9tail","publisher":{"@id":"https:\/\/optimaretail.eu\/fr\/#organization"},"potentialAction":[{"@type":"SearchAction","target":{"@type":"EntryPoint","urlTemplate":"https:\/\/optimaretail.eu\/fr\/?s={search_term_string}"},"query-input":{"@type":"PropertyValueSpecification","valueRequired":true,"valueName":"search_term_string"}}],"inLanguage":"fr-FR"},{"@type":"Organization","@id":"https:\/\/optimaretail.eu\/fr\/#organization","name":"Optima Retail","url":"https:\/\/optimaretail.eu\/fr\/","logo":{"@type":"ImageObject","inLanguage":"fr-FR","@id":"https:\/\/optimaretail.eu\/fr\/#\/schema\/logo\/image\/","url":"https:\/\/optimaretail.eu\/wp-content\/uploads\/2025\/02\/kit-por-defecto.svg","contentUrl":"https:\/\/optimaretail.eu\/wp-content\/uploads\/2025\/02\/kit-por-defecto.svg","width":499,"height":93,"caption":"Optima Retail"},"image":{"@id":"https:\/\/optimaretail.eu\/fr\/#\/schema\/logo\/image\/"},"sameAs":["https:\/\/www.facebook.com\/people\/Optima-Retail-SL\/61578005819425\/"]},{"@type":"Person","@id":"https:\/\/optimaretail.eu\/fr\/#\/schema\/person\/df5f61697007f654d7ab48a34bbf825c","name":"Marketing"}]}},"_links":{"self":[{"href":"https:\/\/optimaretail.eu\/fr\/wp-json\/wp\/v2\/posts\/6895","targetHints":{"allow":["GET"]}}],"collection":[{"href":"https:\/\/optimaretail.eu\/fr\/wp-json\/wp\/v2\/posts"}],"about":[{"href":"https:\/\/optimaretail.eu\/fr\/wp-json\/wp\/v2\/types\/post"}],"author":[{"embeddable":true,"href":"https:\/\/optimaretail.eu\/fr\/wp-json\/wp\/v2\/users\/5"}],"replies":[{"embeddable":true,"href":"https:\/\/optimaretail.eu\/fr\/wp-json\/wp\/v2\/comments?post=6895"}],"version-history":[{"count":1,"href":"https:\/\/optimaretail.eu\/fr\/wp-json\/wp\/v2\/posts\/6895\/revisions"}],"predecessor-version":[{"id":9879,"href":"https:\/\/optimaretail.eu\/fr\/wp-json\/wp\/v2\/posts\/6895\/revisions\/9879"}],"wp:featuredmedia":[{"embeddable":true,"href":"https:\/\/optimaretail.eu\/fr\/wp-json\/wp\/v2\/media\/8026"}],"wp:attachment":[{"href":"https:\/\/optimaretail.eu\/fr\/wp-json\/wp\/v2\/media?parent=6895"}],"wp:term":[{"taxonomy":"category","embeddable":true,"href":"https:\/\/optimaretail.eu\/fr\/wp-json\/wp\/v2\/categories?post=6895"},{"taxonomy":"post_tag","embeddable":true,"href":"https:\/\/optimaretail.eu\/fr\/wp-json\/wp\/v2\/tags?post=6895"}],"curies":[{"name":"wp","href":"https:\/\/api.w.org\/{rel}","templated":true}]}}