{"id":13918,"date":"2026-08-31T10:45:00","date_gmt":"2026-08-31T08:45:00","guid":{"rendered":"https:\/\/optimaretail.eu\/?p=13918"},"modified":"2026-09-01T21:03:45","modified_gmt":"2026-09-01T19:03:45","slug":"vetro-vetrine-quale-scegliere-risparmio-energetico","status":"publish","type":"post","link":"https:\/\/optimaretail.eu\/it\/vetro-vetrine-quale-scegliere-risparmio-energetico\/","title":{"rendered":"Tipi di vetro per vetrine: quale scegliere e come influisce sulla bolletta energetica"},"content":{"rendered":"\n<figure class=\"wp-block-image size-full aligncenter\" style=\"text-align:center\"><img decoding=\"async\" src=\"https:\/\/optimaretail.eu\/wp-content\/uploads\/Storefront_glass_window_thermal.jpeg\" alt=\"Vetrina commerciale con vetro ad alta efficienza energetica\" style=\"width:100%;height:auto;display:block;margin:0 auto;\"\/><\/figure>\n \n<p>La vetrina di un negozio non \u00e8 solo il suo elemento pi\u00f9 visibile. \u00c8 anche una delle principali fonti di dispersione termica del locale. Scegliere bene il tipo di vetro influisce sia sulla sicurezza del locale sia sui consumi di riscaldamento e climatizzazione durante tutto l&#8217;anno.<\/p>\n \n<p>Esistono tre tipi principali di vetro per le vetrine commerciali: vetro temperato, vetro stratificato e vetrocamera. Ciascuno risponde a un&#8217;esigenza diversa: resistenza agli urti, sicurezza antieffrazione o risparmio energetico. Molte vetrine combinano pi\u00f9 di queste soluzioni in un&#8217;unica vetrata, esattamente ci\u00f2 che gestiamo nell&#8217;ambito del nostro <a href=\"https:\/\/optimaretail.eu\/it\/servicios\/vetrate\/\">servizio di vetrate commerciali<\/a>.<\/p>\n \n<h2>Tipi di vetro per vetrine commerciali<\/h2>\n \n<h3>Vetro temperato<\/h3>\n<p>Il vetro temperato viene sottoposto a un trattamento termico che ne aumenta la resistenza agli urti e agli impatti. Se si rompe, si frantuma in piccoli frammenti poco taglienti, riducendo il rischio di lesioni gravi. \u00c8 una scelta comune per le vetrine in zone ad alto passaggio di pubblico.<\/p>\n \n<h3>Vetro stratificato<\/h3>\n<p>Il vetro stratificato \u00e8 composto da due o pi\u00f9 lastre di vetro unite da un&#8217;intercalare (solitamente in PVB). Quando si rompe, i frammenti restano attaccati a questa pellicola interna e il vetro resta unito nel suo telaio. Questa caratteristica lo rende particolarmente adatto a scoraggiare i tentativi di effrazione o vandalismo, poich\u00e9 rimane in posizione anche dopo l&#8217;impatto.<\/p>\n \n<h3>Vetrocamera<\/h3>\n<p>La vetrocamera combina due lastre di vetro separate da un&#8217;intercapedine d&#8217;aria o di gas inerte (come l&#8217;argon). Questa intercapedine funge da isolante e riduce il trasferimento di calore tra interno ed esterno del locale. \u00c8 la soluzione di riferimento quando l&#8217;obiettivo principale \u00e8 ridurre il consumo energetico della vetrina.<\/p>\n \n<table>\n  <thead>\n    <tr>\n      <th>Tipo di vetro<\/th>\n      <th>Resistenza agli urti<\/th>\n      <th>Comportamento in caso di rottura<\/th>\n      <th>Apporta isolamento termico<\/th>\n      <th>Uso principale nel retail<\/th>\n    <\/tr>\n  <\/thead>\n  <tbody>\n    <tr>\n      <td>Vetro temperato<\/td>\n      <td>Alta<\/td>\n      <td>Piccoli frammenti poco taglienti<\/td>\n      <td>Non in modo significativo<\/td>\n      <td>Protezione contro urti accidentali<\/td>\n    <\/tr>\n    <tr>\n      <td>Vetro stratificato<\/td>\n      <td>Medio-alta<\/td>\n      <td>Resta intero dopo la rottura<\/td>\n      <td>Non in modo significativo<\/td>\n      <td>Protezione antieffrazione e antivandalica<\/td>\n    <\/tr>\n    <tr>\n      <td>Vetrocamera<\/td>\n      <td>Dipende dal vetro interno utilizzato<\/td>\n      <td>Dipende dal vetro interno utilizzato<\/td>\n      <td>S\u00ec, in modo rilevante<\/td>\n      <td>Risparmio energetico e comfort termico<\/td>\n    <\/tr>\n  <\/tbody>\n<\/table>\n \n<h2>Vetro temperato o vetro stratificato: qual \u00e8 la differenza?<\/h2>\n \n<p>La differenza principale tra vetro temperato e vetro stratificato riguarda il loro comportamento in caso di rottura. Il temperato si frantuma in piccoli pezzi separati. Lo stratificato resta unito grazie alla pellicola interna, anche dopo l&#8217;impatto.<\/p>\n \n<p>Per le vetrine con merce di alto valore esposta o con precedenti tentativi di effrazione, il vetro stratificato \u00e8 solitamente l&#8217;opzione pi\u00f9 consigliata, poich\u00e9 mantiene una barriera fisica anche una volta rotto il vetro. Per le zone a rischio di urti accidentali senza questa esigenza antieffrazione, il vetro temperato rappresenta un&#8217;alternativa pi\u00f9 economica.<\/p>\n \n<h2>Cos&#8217;\u00e8 il vetro basso emissivo e perch\u00e9 \u00e8 importante per una vetrina<\/h2>\n \n<p>Il vetro basso emissivo (chiamato anche vetro Low-E) \u00e8 un vetro rivestito con uno strato molto sottile di ossidi metallici che riflette parte della radiazione termica. Questo rivestimento lascia passare la luce visibile riducendo al contempo la dispersione di calore in inverno e l&#8217;ingresso di calore in estate.<\/p>\n \n<p>In una vetrina commerciale, questo effetto ha un impatto diretto sulla bolletta energetica. Un locale con la vetrina illuminata e climatizzata per 10-12 ore al giorno trasforma qualsiasi dispersione termica in un costo quotidiano. Sostituire un vetro standard con uno basso emissivo, solitamente integrato in una vetrocamera, riduce questa dispersione e alleggerisce il lavoro dell&#8217;impianto di climatizzazione.<\/p>\n \n<p>Questa soluzione non modifica l&#8217;aspetto della vetrina n\u00e9 riduce la luminosit\u00e0 naturale all&#8217;interno. Il suo effetto \u00e8 puramente termico, quindi non compromette la visibilit\u00e0 dei prodotti esposti.<\/p>\n \n<p>Questo tipo di miglioramento della vetrata incide anche sulla classificazione energetica del locale. Per capire come viene valutato questo consumo e quale documentazione \u00e8 necessaria, consulta la nostra <a href=\"https:\/\/optimaretail.eu\/it\/guida-certificato-energetico-negozi-retail-spagna\/\">guida al certificato energetico per i negozi retail in Spagna<\/a>.<\/p>\n \n<h2>Come scegliere il vetro adatto alla tua vetrina<\/h2>\n \n<p>La scelta del vetro dipende da tre fattori: il livello di esposizione del locale, l&#8217;obiettivo prioritario (sicurezza o risparmio energetico) e il fatto che si tratti di un singolo negozio o di una rete con pi\u00f9 punti vendita.<\/p>\n \n<ul>\n  <li><strong>Locali in zone ad alto passaggio o con precedenti rotture:<\/strong> vetro stratificato o vetro temperato di sicurezza.<\/li>\n  <li><strong>Locali con climatizzazione intensiva o bollette energetiche elevate:<\/strong> vetrocamera con vetro basso emissivo.<\/li>\n  <li><strong>Catene e franchising con pi\u00f9 locali:<\/strong> conviene uniformare il criterio di scelta del vetro in tutta la rete, in modo che ogni negozio mantenga lo stesso livello di sicurezza ed efficienza energetica, indipendentemente dalla sua ubicazione.<\/li>\n<\/ul>\n \n<p>In molti casi, la soluzione pi\u00f9 efficace combina pi\u00f9 di queste propriet\u00e0 in un&#8217;unica vetrata: ad esempio, una vetrocamera con vetro stratificato di sicurezza sul lato esterno e vetro basso emissivo sul lato interno. Standardizzare questo tipo di decisioni in tutta la rete \u00e8 anche uno dei modi pi\u00f9 efficaci per <a href=\"https:\/\/optimaretail.eu\/it\/riduzione-dei-costi-di-manutenzione\/\">ridurre i costi di manutenzione<\/a> nel lungo periodo.<\/p>\n \n<h2>Domande frequenti<\/h2>\n \n<p><strong>Il vetro basso emissivo \u00e8 pi\u00f9 costoso di un vetro standard?<\/strong><br>\nS\u00ec, ha un costo iniziale superiore rispetto a un vetro standard. Questo maggior costo viene compensato nel tempo grazie alla riduzione dei consumi di riscaldamento e climatizzazione, soprattutto nei locali con la vetrina in funzione per molte ore al giorno.<\/p>\n \n<p><strong>Si pu\u00f2 installare il vetro basso emissivo su una vetrina gi\u00e0 esistente?<\/strong><br>\nDipende dalla struttura attuale della vetrina. Nella maggior parte dei casi \u00e8 necessario sostituire l&#8217;intera vetrata con un&#8217;unit\u00e0 a doppia lastra dotata di trattamento basso emissivo, poich\u00e9 questo trattamento viene applicato durante la produzione del vetro.<\/p>\n \n<p><strong>Il vetro di sicurezza (temperato o stratificato) aiuta anche a isolare termicamente?<\/strong><br>\nNon in modo significativo da solo. L&#8217;isolamento termico dipende principalmente dall&#8217;intercapedine d&#8217;aria della vetrocamera e dal trattamento basso emissivo, non dal tipo di trattamento di sicurezza applicato al vetro.<\/p>\n \n<p><strong>Esiste un tipo di vetro obbligatorio per una vetrina commerciale?<\/strong><br>\nLa normativa non impone un tipo specifico di vetro in tutti i casi, ma stabilisce requisiti di sicurezza in base alla posizione e al livello di rischio del locale. \u00c8 consigliabile valutare ogni caso con uno specialista per garantire la conformit\u00e0 normativa della vetrata installata.<\/p>\n \n<div class=\"wp-block-button is-style-fill\"><a class=\"wp-block-button__link has-white-color has-text-color has-background has-link-color has-custom-font-size wp-element-button\" href=\"https:\/\/optimaretail.eu\/it\/richiedi-un-preventivo\/\" style=\"background-color:#0086ff;font-size:15px\" target=\"_blank\" rel=\"noreferrer noopener\">RICHIEDI UN PREVENTIVO<\/a><\/div>\n","protected":false},"excerpt":{"rendered":"<p>La vetrina di un negozio non \u00e8 solo il suo elemento pi\u00f9 visibile. \u00c8 anche una delle principali fonti di dispersione termica del locale. Scegliere bene il tipo di vetro influisce sia sulla sicurezza del locale sia sui consumi di riscaldamento e climatizzazione durante tutto l&#8217;anno. Esistono tre tipi principali di vetro per le vetrine [&hellip;]<\/p>\n","protected":false},"author":7,"featured_media":13899,"comment_status":"open","ping_status":"closed","sticky":false,"template":"","format":"standard","meta":{"_acf_changed":false,"rop_custom_images_group":[],"rop_custom_messages_group":[],"rop_publish_now":"initial","rop_publish_now_accounts":{"facebook_122097394580933375_751730124684203":""},"rop_publish_now_history":[],"rop_publish_now_status":"pending","footnotes":""},"categories":[66],"tags":[],"class_list":["post-13918","post","type-post","status-publish","format-standard","has-post-thumbnail","hentry","category-manutenzione-e-operazioni-di-vendita-al-dettaglio"],"acf":[],"yoast_head":"<!-- This site is optimized with the Yoast SEO plugin v28.3 - https:\/\/yoast.com\/product\/yoast-seo-wordpress\/ -->\n<title>Vetro per vetrine: quale scegliere e risparmio energetico<\/title>\n<meta name=\"description\" content=\"Scopri i tipi di vetro per vetrine commerciali e quali soluzioni riducono la bolletta energetica. Vetro temperato, stratificato e basso emissivo spiegati\" \/>\n<meta name=\"robots\" content=\"index, follow, max-snippet:-1, max-image-preview:large, max-video-preview:-1\" \/>\n<link rel=\"canonical\" href=\"https:\/\/optimaretail.eu\/it\/vetro-vetrine-quale-scegliere-risparmio-energetico\/\" \/>\n<meta property=\"og:locale\" content=\"it_IT\" \/>\n<meta property=\"og:type\" content=\"article\" \/>\n<meta property=\"og:title\" content=\"Vetro per vetrine: quale scegliere e risparmio energetico\" \/>\n<meta property=\"og:description\" content=\"Scopri i tipi di vetro per vetrine commerciali e quali soluzioni riducono la bolletta energetica. Vetro temperato, stratificato e basso emissivo spiegati\" \/>\n<meta property=\"og:url\" content=\"https:\/\/optimaretail.eu\/it\/vetro-vetrine-quale-scegliere-risparmio-energetico\/\" \/>\n<meta property=\"og:site_name\" content=\"Optima Retail\" \/>\n<meta property=\"article:publisher\" content=\"https:\/\/www.facebook.com\/people\/Optima-Retail-SL\/61578005819425\/\" \/>\n<meta property=\"article:published_time\" content=\"2026-08-31T08:45:00+00:00\" \/>\n<meta property=\"article:modified_time\" content=\"2026-09-01T19:03:45+00:00\" \/>\n<meta property=\"og:image\" content=\"https:\/\/optimaretail.eu\/wp-content\/uploads\/Tipos-de-cristal-para-ahorrar-factura-energetica.jpg\" \/>\n\t<meta property=\"og:image:width\" content=\"800\" \/>\n\t<meta property=\"og:image:height\" content=\"400\" \/>\n\t<meta property=\"og:image:type\" content=\"image\/jpeg\" \/>\n<meta name=\"author\" content=\"Eduard Garcia\" \/>\n<meta name=\"twitter:card\" content=\"summary_large_image\" \/>\n<meta name=\"twitter:label1\" content=\"Written by\" \/>\n\t<meta name=\"twitter:data1\" content=\"Eduard Garcia\" \/>\n\t<meta name=\"twitter:label2\" content=\"Est. reading time\" \/>\n\t<meta name=\"twitter:data2\" content=\"5 minutes\" \/>\n<script type=\"application\/ld+json\" class=\"yoast-schema-graph\">{\"@context\":\"https:\\\/\\\/schema.org\",\"@graph\":[{\"@type\":\"Article\",\"@id\":\"https:\\\/\\\/optimaretail.eu\\\/it\\\/vetro-vetrine-quale-scegliere-risparmio-energetico\\\/#article\",\"isPartOf\":{\"@id\":\"https:\\\/\\\/optimaretail.eu\\\/it\\\/vetro-vetrine-quale-scegliere-risparmio-energetico\\\/\"},\"author\":{\"name\":\"Eduard Garcia\",\"@id\":\"https:\\\/\\\/optimaretail.eu\\\/it\\\/#\\\/schema\\\/person\\\/bb7a375256f576c50d080b46be6cd401\"},\"headline\":\"Tipi di vetro per vetrine: quale scegliere e come influisce sulla bolletta energetica\",\"datePublished\":\"2026-08-31T08:45:00+00:00\",\"dateModified\":\"2026-09-01T19:03:45+00:00\",\"mainEntityOfPage\":{\"@id\":\"https:\\\/\\\/optimaretail.eu\\\/it\\\/vetro-vetrine-quale-scegliere-risparmio-energetico\\\/\"},\"wordCount\":1004,\"commentCount\":0,\"publisher\":{\"@id\":\"https:\\\/\\\/optimaretail.eu\\\/it\\\/#organization\"},\"image\":{\"@id\":\"https:\\\/\\\/optimaretail.eu\\\/it\\\/vetro-vetrine-quale-scegliere-risparmio-energetico\\\/#primaryimage\"},\"thumbnailUrl\":\"https:\\\/\\\/optimaretail.eu\\\/wp-content\\\/uploads\\\/Tipos-de-cristal-para-ahorrar-factura-energetica.jpg\",\"articleSection\":[\"Manutenzione e operazioni di vendita al dettaglio\"],\"inLanguage\":\"it-IT\",\"potentialAction\":[{\"@type\":\"CommentAction\",\"name\":\"Comment\",\"target\":[\"https:\\\/\\\/optimaretail.eu\\\/it\\\/vetro-vetrine-quale-scegliere-risparmio-energetico\\\/#respond\"]}]},{\"@type\":\"WebPage\",\"@id\":\"https:\\\/\\\/optimaretail.eu\\\/it\\\/vetro-vetrine-quale-scegliere-risparmio-energetico\\\/\",\"url\":\"https:\\\/\\\/optimaretail.eu\\\/it\\\/vetro-vetrine-quale-scegliere-risparmio-energetico\\\/\",\"name\":\"Vetro per vetrine: quale scegliere e risparmio energetico\",\"isPartOf\":{\"@id\":\"https:\\\/\\\/optimaretail.eu\\\/it\\\/#website\"},\"primaryImageOfPage\":{\"@id\":\"https:\\\/\\\/optimaretail.eu\\\/it\\\/vetro-vetrine-quale-scegliere-risparmio-energetico\\\/#primaryimage\"},\"image\":{\"@id\":\"https:\\\/\\\/optimaretail.eu\\\/it\\\/vetro-vetrine-quale-scegliere-risparmio-energetico\\\/#primaryimage\"},\"thumbnailUrl\":\"https:\\\/\\\/optimaretail.eu\\\/wp-content\\\/uploads\\\/Tipos-de-cristal-para-ahorrar-factura-energetica.jpg\",\"datePublished\":\"2026-08-31T08:45:00+00:00\",\"dateModified\":\"2026-09-01T19:03:45+00:00\",\"description\":\"Scopri i tipi di vetro per vetrine commerciali e quali soluzioni riducono la bolletta energetica. Vetro temperato, stratificato e basso emissivo spiegati\",\"breadcrumb\":{\"@id\":\"https:\\\/\\\/optimaretail.eu\\\/it\\\/vetro-vetrine-quale-scegliere-risparmio-energetico\\\/#breadcrumb\"},\"inLanguage\":\"it-IT\",\"potentialAction\":[{\"@type\":\"ReadAction\",\"target\":[\"https:\\\/\\\/optimaretail.eu\\\/it\\\/vetro-vetrine-quale-scegliere-risparmio-energetico\\\/\"]}]},{\"@type\":\"ImageObject\",\"inLanguage\":\"it-IT\",\"@id\":\"https:\\\/\\\/optimaretail.eu\\\/it\\\/vetro-vetrine-quale-scegliere-risparmio-energetico\\\/#primaryimage\",\"url\":\"https:\\\/\\\/optimaretail.eu\\\/wp-content\\\/uploads\\\/Tipos-de-cristal-para-ahorrar-factura-energetica.jpg\",\"contentUrl\":\"https:\\\/\\\/optimaretail.eu\\\/wp-content\\\/uploads\\\/Tipos-de-cristal-para-ahorrar-factura-energetica.jpg\",\"width\":800,\"height\":400,\"caption\":\"Tipos de cristal para ahorrar factura energ\u00e9tica\"},{\"@type\":\"BreadcrumbList\",\"@id\":\"https:\\\/\\\/optimaretail.eu\\\/it\\\/vetro-vetrine-quale-scegliere-risparmio-energetico\\\/#breadcrumb\",\"itemListElement\":[{\"@type\":\"ListItem\",\"position\":1,\"name\":\"Optima Retail\",\"item\":\"https:\\\/\\\/optimaretail.eu\\\/it\\\/\"},{\"@type\":\"ListItem\",\"position\":2,\"name\":\"Tipi di vetro per vetrine: quale scegliere e come influisce sulla bolletta energetica\"}]},{\"@type\":\"WebSite\",\"@id\":\"https:\\\/\\\/optimaretail.eu\\\/it\\\/#website\",\"url\":\"https:\\\/\\\/optimaretail.eu\\\/it\\\/\",\"name\":\"Optima Retail\",\"description\":\"Manutenzione al dettaglio\",\"publisher\":{\"@id\":\"https:\\\/\\\/optimaretail.eu\\\/it\\\/#organization\"},\"potentialAction\":[{\"@type\":\"SearchAction\",\"target\":{\"@type\":\"EntryPoint\",\"urlTemplate\":\"https:\\\/\\\/optimaretail.eu\\\/it\\\/?s={search_term_string}\"},\"query-input\":{\"@type\":\"PropertyValueSpecification\",\"valueRequired\":true,\"valueName\":\"search_term_string\"}}],\"inLanguage\":\"it-IT\"},{\"@type\":\"Organization\",\"@id\":\"https:\\\/\\\/optimaretail.eu\\\/it\\\/#organization\",\"name\":\"Optima Retail\",\"url\":\"https:\\\/\\\/optimaretail.eu\\\/it\\\/\",\"logo\":{\"@type\":\"ImageObject\",\"inLanguage\":\"it-IT\",\"@id\":\"https:\\\/\\\/optimaretail.eu\\\/it\\\/#\\\/schema\\\/logo\\\/image\\\/\",\"url\":\"https:\\\/\\\/optimaretail.eu\\\/wp-content\\\/uploads\\\/2025\\\/02\\\/kit-por-defecto.svg\",\"contentUrl\":\"https:\\\/\\\/optimaretail.eu\\\/wp-content\\\/uploads\\\/2025\\\/02\\\/kit-por-defecto.svg\",\"width\":499,\"height\":93,\"caption\":\"Optima Retail\"},\"image\":{\"@id\":\"https:\\\/\\\/optimaretail.eu\\\/it\\\/#\\\/schema\\\/logo\\\/image\\\/\"},\"sameAs\":[\"https:\\\/\\\/www.facebook.com\\\/people\\\/Optima-Retail-SL\\\/61578005819425\\\/\"]},{\"@type\":\"Person\",\"@id\":\"https:\\\/\\\/optimaretail.eu\\\/it\\\/#\\\/schema\\\/person\\\/bb7a375256f576c50d080b46be6cd401\",\"name\":\"Eduard Garcia\",\"sameAs\":[\"https:\\\/\\\/rodanet.com\\\/\"]}]}<\/script>\n<!-- \/ Yoast SEO plugin. -->","yoast_head_json":{"title":"Vetro per vetrine: quale scegliere e risparmio energetico","description":"Scopri i tipi di vetro per vetrine commerciali e quali soluzioni riducono la bolletta energetica. Vetro temperato, stratificato e basso emissivo spiegati","robots":{"index":"index","follow":"follow","max-snippet":"max-snippet:-1","max-image-preview":"max-image-preview:large","max-video-preview":"max-video-preview:-1"},"canonical":"https:\/\/optimaretail.eu\/it\/vetro-vetrine-quale-scegliere-risparmio-energetico\/","og_locale":"it_IT","og_type":"article","og_title":"Vetro per vetrine: quale scegliere e risparmio energetico","og_description":"Scopri i tipi di vetro per vetrine commerciali e quali soluzioni riducono la bolletta energetica. Vetro temperato, stratificato e basso emissivo spiegati","og_url":"https:\/\/optimaretail.eu\/it\/vetro-vetrine-quale-scegliere-risparmio-energetico\/","og_site_name":"Optima Retail","article_publisher":"https:\/\/www.facebook.com\/people\/Optima-Retail-SL\/61578005819425\/","article_published_time":"2026-08-31T08:45:00+00:00","article_modified_time":"2026-09-01T19:03:45+00:00","og_image":[{"width":800,"height":400,"url":"https:\/\/optimaretail.eu\/wp-content\/uploads\/Tipos-de-cristal-para-ahorrar-factura-energetica.jpg","type":"image\/jpeg"}],"author":"Eduard Garcia","twitter_card":"summary_large_image","twitter_misc":{"Written by":"Eduard Garcia","Est. reading time":"5 minutes"},"schema":{"@context":"https:\/\/schema.org","@graph":[{"@type":"Article","@id":"https:\/\/optimaretail.eu\/it\/vetro-vetrine-quale-scegliere-risparmio-energetico\/#article","isPartOf":{"@id":"https:\/\/optimaretail.eu\/it\/vetro-vetrine-quale-scegliere-risparmio-energetico\/"},"author":{"name":"Eduard Garcia","@id":"https:\/\/optimaretail.eu\/it\/#\/schema\/person\/bb7a375256f576c50d080b46be6cd401"},"headline":"Tipi di vetro per vetrine: quale scegliere e come influisce sulla bolletta energetica","datePublished":"2026-08-31T08:45:00+00:00","dateModified":"2026-09-01T19:03:45+00:00","mainEntityOfPage":{"@id":"https:\/\/optimaretail.eu\/it\/vetro-vetrine-quale-scegliere-risparmio-energetico\/"},"wordCount":1004,"commentCount":0,"publisher":{"@id":"https:\/\/optimaretail.eu\/it\/#organization"},"image":{"@id":"https:\/\/optimaretail.eu\/it\/vetro-vetrine-quale-scegliere-risparmio-energetico\/#primaryimage"},"thumbnailUrl":"https:\/\/optimaretail.eu\/wp-content\/uploads\/Tipos-de-cristal-para-ahorrar-factura-energetica.jpg","articleSection":["Manutenzione e operazioni di vendita al dettaglio"],"inLanguage":"it-IT","potentialAction":[{"@type":"CommentAction","name":"Comment","target":["https:\/\/optimaretail.eu\/it\/vetro-vetrine-quale-scegliere-risparmio-energetico\/#respond"]}]},{"@type":"WebPage","@id":"https:\/\/optimaretail.eu\/it\/vetro-vetrine-quale-scegliere-risparmio-energetico\/","url":"https:\/\/optimaretail.eu\/it\/vetro-vetrine-quale-scegliere-risparmio-energetico\/","name":"Vetro per vetrine: quale scegliere e risparmio energetico","isPartOf":{"@id":"https:\/\/optimaretail.eu\/it\/#website"},"primaryImageOfPage":{"@id":"https:\/\/optimaretail.eu\/it\/vetro-vetrine-quale-scegliere-risparmio-energetico\/#primaryimage"},"image":{"@id":"https:\/\/optimaretail.eu\/it\/vetro-vetrine-quale-scegliere-risparmio-energetico\/#primaryimage"},"thumbnailUrl":"https:\/\/optimaretail.eu\/wp-content\/uploads\/Tipos-de-cristal-para-ahorrar-factura-energetica.jpg","datePublished":"2026-08-31T08:45:00+00:00","dateModified":"2026-09-01T19:03:45+00:00","description":"Scopri i tipi di vetro per vetrine commerciali e quali soluzioni riducono la bolletta energetica. Vetro temperato, stratificato e basso emissivo spiegati","breadcrumb":{"@id":"https:\/\/optimaretail.eu\/it\/vetro-vetrine-quale-scegliere-risparmio-energetico\/#breadcrumb"},"inLanguage":"it-IT","potentialAction":[{"@type":"ReadAction","target":["https:\/\/optimaretail.eu\/it\/vetro-vetrine-quale-scegliere-risparmio-energetico\/"]}]},{"@type":"ImageObject","inLanguage":"it-IT","@id":"https:\/\/optimaretail.eu\/it\/vetro-vetrine-quale-scegliere-risparmio-energetico\/#primaryimage","url":"https:\/\/optimaretail.eu\/wp-content\/uploads\/Tipos-de-cristal-para-ahorrar-factura-energetica.jpg","contentUrl":"https:\/\/optimaretail.eu\/wp-content\/uploads\/Tipos-de-cristal-para-ahorrar-factura-energetica.jpg","width":800,"height":400,"caption":"Tipos de cristal para ahorrar factura energ\u00e9tica"},{"@type":"BreadcrumbList","@id":"https:\/\/optimaretail.eu\/it\/vetro-vetrine-quale-scegliere-risparmio-energetico\/#breadcrumb","itemListElement":[{"@type":"ListItem","position":1,"name":"Optima Retail","item":"https:\/\/optimaretail.eu\/it\/"},{"@type":"ListItem","position":2,"name":"Tipi di vetro per vetrine: quale scegliere e come influisce sulla bolletta energetica"}]},{"@type":"WebSite","@id":"https:\/\/optimaretail.eu\/it\/#website","url":"https:\/\/optimaretail.eu\/it\/","name":"Optima Retail","description":"Manutenzione al dettaglio","publisher":{"@id":"https:\/\/optimaretail.eu\/it\/#organization"},"potentialAction":[{"@type":"SearchAction","target":{"@type":"EntryPoint","urlTemplate":"https:\/\/optimaretail.eu\/it\/?s={search_term_string}"},"query-input":{"@type":"PropertyValueSpecification","valueRequired":true,"valueName":"search_term_string"}}],"inLanguage":"it-IT"},{"@type":"Organization","@id":"https:\/\/optimaretail.eu\/it\/#organization","name":"Optima Retail","url":"https:\/\/optimaretail.eu\/it\/","logo":{"@type":"ImageObject","inLanguage":"it-IT","@id":"https:\/\/optimaretail.eu\/it\/#\/schema\/logo\/image\/","url":"https:\/\/optimaretail.eu\/wp-content\/uploads\/2025\/02\/kit-por-defecto.svg","contentUrl":"https:\/\/optimaretail.eu\/wp-content\/uploads\/2025\/02\/kit-por-defecto.svg","width":499,"height":93,"caption":"Optima Retail"},"image":{"@id":"https:\/\/optimaretail.eu\/it\/#\/schema\/logo\/image\/"},"sameAs":["https:\/\/www.facebook.com\/people\/Optima-Retail-SL\/61578005819425\/"]},{"@type":"Person","@id":"https:\/\/optimaretail.eu\/it\/#\/schema\/person\/bb7a375256f576c50d080b46be6cd401","name":"Eduard Garcia","sameAs":["https:\/\/rodanet.com\/"]}]}},"_links":{"self":[{"href":"https:\/\/optimaretail.eu\/it\/wp-json\/wp\/v2\/posts\/13918","targetHints":{"allow":["GET"]}}],"collection":[{"href":"https:\/\/optimaretail.eu\/it\/wp-json\/wp\/v2\/posts"}],"about":[{"href":"https:\/\/optimaretail.eu\/it\/wp-json\/wp\/v2\/types\/post"}],"author":[{"embeddable":true,"href":"https:\/\/optimaretail.eu\/it\/wp-json\/wp\/v2\/users\/7"}],"replies":[{"embeddable":true,"href":"https:\/\/optimaretail.eu\/it\/wp-json\/wp\/v2\/comments?post=13918"}],"version-history":[{"count":1,"href":"https:\/\/optimaretail.eu\/it\/wp-json\/wp\/v2\/posts\/13918\/revisions"}],"predecessor-version":[{"id":13922,"href":"https:\/\/optimaretail.eu\/it\/wp-json\/wp\/v2\/posts\/13918\/revisions\/13922"}],"wp:featuredmedia":[{"embeddable":true,"href":"https:\/\/optimaretail.eu\/it\/wp-json\/wp\/v2\/media\/13899"}],"wp:attachment":[{"href":"https:\/\/optimaretail.eu\/it\/wp-json\/wp\/v2\/media?parent=13918"}],"wp:term":[{"taxonomy":"category","embeddable":true,"href":"https:\/\/optimaretail.eu\/it\/wp-json\/wp\/v2\/categories?post=13918"},{"taxonomy":"post_tag","embeddable":true,"href":"https:\/\/optimaretail.eu\/it\/wp-json\/wp\/v2\/tags?post=13918"}],"curies":[{"name":"wp","href":"https:\/\/api.w.org\/{rel}","templated":true}]}}