{"id":5865,"date":"2022-06-14T18:26:13","date_gmt":"2022-06-14T16:26:13","guid":{"rendered":"https:\/\/optima.yvonnefuertes.com\/?p=5865"},"modified":"2025-03-21T15:18:24","modified_gmt":"2025-03-21T14:18:24","slug":"macro-tendenze-nel-design-nell-architettura-e-nel-branding-retail","status":"publish","type":"post","link":"https:\/\/optimaretail.eu\/it\/macro-tendenze-nel-design-nell-architettura-e-nel-branding-retail\/","title":{"rendered":"Macro tendenze nel design, Nell&#8217;architettura e nel branding retail"},"content":{"rendered":"\n<figure class=\"wp-block-image\"><img decoding=\"async\" src=\"https:\/\/optimaretail.eu\/wp-content\/uploads\/2025\/03\/macro-tendencias-en-el-diseno-la-arquitectura-y-el-branding-retail.jpg\" alt=\"nuevas posibilidades para colaboraciones m\u00e1s sostenibles para los dise\u00f1os minoristas\"\/><\/figure>\n\n\n\n<p id=\"viewer-2g13h860\">Dopo i cambiamenti nelle abitudini di acquisto, consumo e valori provocati dalla pandemia, il 2022 \u00e8 l&#8217;anno in cui il settore retail deve riflettere e accettare la nuova realt\u00e0, abbracciando le nuove macro tendenze nel design del retail.<\/p>\n\n\n\n<p id=\"viewer-6rghh30292\">Questo \u00e8 quanto emerge dal rapporto pubblicato da Loop New Business Models &#8220;Tendenze nel settore retail applicate al modello di business&#8221;.<\/p>\n\n\n\n<p id=\"viewer-mt29y30294\">Osservando e studiando le tendenze mondiali, possiamo guardare al futuro e capire come evolve la societ\u00e0, dagli stili di vita alle abitudini di lavoro, dai viaggi ai comportamenti dei consumatori, dalle interazioni umane a quelle tecnologiche.<\/p>\n\n\n\n<p id=\"viewer-wbu1730296\">Siamo convinti che queste macrotendenze non possano essere completamente comprese senza menzionare una parola chiave: collaborazione.<\/p>\n\n\n\n<p id=\"viewer-h9zyu30298\">Le piattaforme globali online stanno creando nuove possibilit\u00e0 per collaborazioni pi\u00f9 sostenibili nei design del retail.<\/p>\n\n\n\n<p id=\"viewer-c5ajs30300\">I consumatori, i designer, i brand, le industrie e le universit\u00e0 sono incoraggiati a connettersi tra loro e trasformare i rifiuti in risorse e prodotti di valore.<\/p>\n\n\n\n<p id=\"viewer-qj0xc30302\">L&#8217;idea di connettere i designer con l&#8217;industria fornisce ai designer idee incredibili e aggiornate che creano tendenza e che, alla fine, attirano pi\u00f9 clienti. Contatta il team di Optima Retail per progetti e ristrutturazioni e raggiungi il livello successivo.<\/p>\n\n\n\n<p><a href=\"https:\/\/optimaretail.eu\/it\/contacto\"><\/a><\/p>\n\n\n\n<div class=\"wp-block-buttons is-layout-flex wp-block-buttons-is-layout-flex\">\n<div class=\"wp-block-button has-custom-font-size is-style-fill\" style=\"font-size:15px\"><a class=\"wp-block-button__link has-white-color has-text-color has-background has-link-color wp-element-button\" href=\"https:\/\/optimaretail.eu\/it\/richiedi-un-preventivo\/\" style=\"background-color:#0086ff\">RICHIEDI UN PREVENTIVO<\/a><\/div>\n<\/div>\n\n\n\n<h2 class=\"wp-block-heading\" id=\"viewer-1mchs\"><strong>Macro tendenze nel design e nell&#8217;architettura retail<\/strong><\/h2>\n\n\n\n<p id=\"viewer-7m6pt\">A causa della pandemia e delle nuove tecnologie, lo shopping online \u00e8 diventato una tendenza sempre pi\u00f9 popolare. Nel 2021, 239,6 milioni di persone hanno effettuato acquisti online. Per competere, i negozi al dettaglio devono avere un design che sia pi\u00f9 che attraente.<\/p>\n\n\n\n<p id=\"viewer-wts9932643\">Infatti, quando viene aperto un nuovo negozio, il suo traffico web globale aumenta in media del 37%. Pertanto, \u00e8 necessario disporre di design di tendenza che possano essere implementati nei negozi fisici.<\/p>\n\n\n\n<p id=\"viewer-k6inw32645\">Per questo motivo, abbiamo identificato almeno 4 macro tendenze nel design retail che segneranno il design d&#8217;interni e dei negozi.<\/p>\n\n\n\n<h3 class=\"wp-block-heading\" id=\"viewer-e880\">1- <strong>Stile massimalista<\/strong><\/h3>\n\n\n\n<figure class=\"wp-block-image\"><img decoding=\"async\" src=\"https:\/\/optimaretail.eu\/wp-content\/uploads\/2025\/03\/macro-tendencias-en-el-diseno-la-arquitectura-y-el-branding-retail-2.jpg\" alt=\"Los muebles y accesorios deben ser una fuente de placer, estimular nuestra creatividad y permitirnos expresarnos\"\/><\/figure>\n\n\n\n<p id=\"viewer-a7g35\">La nostra vita \u00e8 sempre pi\u00f9 incostante, mescolata, nomade e divertente. Le persone, specialmente i Millennials, vogliono divertirsi ed esprimere la propria personalit\u00e0, sia a casa che fuori.<\/p>\n\n\n\n<p id=\"viewer-3pof533169\">I brand e i designer cercano di soddisfare queste esigenze con design pi\u00f9 sperimentali, interattivi e divertenti.<\/p>\n\n\n\n<p id=\"viewer-levek33171\">I mobili e gli accessori devono essere una fonte di piacere, stimolare la nostra creativit\u00e0 e permetterci di esprimerci. Il massimalismo \u00e8 in crescita, con il suo spirito del &#8220;di pi\u00f9 \u00e8 meglio&#8221;, che ci incoraggia a mescolare e combinare colori vivaci, motivi, texture e forme insolite.<\/p>\n\n\n\n<p id=\"viewer-ttdcr33173\">Pensa al marchio italiano Seletti e al suo approccio originale e artistico al design, con le sue lampade a forma di animali e i suoi motivi di grandi dimensioni, una miscela di arte pop e influenze di Memphis.<\/p>\n\n\n\n<p id=\"viewer-smoek33175\">Oppure al marchio svizzero Vitra e ai suoi pezzi di design audace, con un uso deciso dei materiali e delle forme geometriche, e un forte impiego dei colori primari.<\/p>\n\n\n\n<p id=\"viewer-o5fti33177\">Tutto va oltre la funzionalit\u00e0 e invita all&#8217;esperimento e al divertimento.<\/p>\n\n\n\n<p id=\"viewer-y436233179\">I social media, soprattutto Instagram, stanno cambiando il nostro modo di pensare lo spazio e il design degli interni. Di conseguenza, stiamo assistendo a un&#8217;esplosione di nuovi spazi su Instagram, specialmente nel settore retail.<\/p>\n\n\n\n<p id=\"viewer-2kyhl33181\">I brand riconoscono che il futuro del commercio al dettaglio passa attraverso prodotti ludici, colorati e accuratamente progettati per essere condivisi sui social media.<\/p>\n\n\n\n<p id=\"viewer-o8gg133183\">Durante la Settimana del Design di Milano, lo studio italiano DESIGNBYGEMINI ha creato uno spazio pop-up ispirato alla musica pop di Miami degli anni &#8217;90, con colori fluorescenti e un&#8217;atmosfera tropicale.<\/p>\n\n\n\n<p id=\"viewer-pu2u533185\">I visitatori sono stati invitati a partecipare, scattare foto in piscina e condividerle sui social media.<\/p>\n\n\n\n<h3 class=\"wp-block-heading\" id=\"viewer-boc3s\">2- Design tecnologici<\/h3>\n\n\n\n<p id=\"viewer-828iq\">La tecnologia sta cambiando il design? La comparsa e il rapido progresso di tecnologie come l&#8217;intelligenza artificiale (IA), la realt\u00e0 aumentata, la biotecnologia e la stampa 3D ci portano a porci questa domanda.<\/p>\n\n\n\n<p id=\"viewer-d1qwf33637\">L&#8217;intelligenza artificiale sostituir\u00e0 i designer e come influenzer\u00e0 la robotica il nostro stile di vita? Per quanto riguarda i designer e le aziende, il futuro assomiglia pi\u00f9 a una collaborazione creativa tra designer e algoritmi che a una sostituzione dei designer.<\/p>\n\n\n\n<p id=\"viewer-jyzdj33639\">Ad esempio, il designer francese Philippe Starck di IA Kartell e l&#8217;azienda di software 3D Autodesk hanno collaborato per lanciare la prima sedia progettata dall&#8217;IA in collaborazione con gli esseri umani.<\/p>\n\n\n\n<p id=\"viewer-vuudp33641\">Il team ha utilizzato un algoritmo per progettare la sedia impiegando la minore quantit\u00e0 possibile di materiale, pur rispettando i requisiti estetici e di comfort.<\/p>\n\n\n\n<p id=\"viewer-176hv33643\">Amazon, da parte sua, sta dimostrando come l&#8217;IA possa portare il crescente settore delle case intelligenti a un nuovo livello di funzionalit\u00e0, in cui le abitazioni possono assistere proattivamente i propri residenti.<\/p>\n\n\n\n<p id=\"viewer-ur6nv33645\">L&#8217;introduzione di servizi basati sulla voce, come Alexa, ci permetter\u00e0 di controllare un&#8217;ampia gamma di dispositivi semplicemente usando la nostra voce.<\/p>\n\n\n\n<h2 class=\"wp-block-heading\" id=\"viewer-yfoxh11311\"><strong>Macro tendenze nel branding retail<\/strong><\/h2>\n\n\n\n<h3 class=\"wp-block-heading\" id=\"viewer-aene3\">3- Spazi di salute e benessere<\/h3>\n\n\n\n<figure class=\"wp-block-image\"><img decoding=\"async\" src=\"https:\/\/optimaretail.eu\/wp-content\/uploads\/2025\/03\/macro-tendencias-en-el-diseno-la-arquitectura-y-el-branding-retail-3.jpg\" alt=\"La planificaci\u00f3n del bienestar es un objetivo cada vez m\u00e1s importante en el dise\u00f1o retail. \"\/><\/figure>\n\n\n\n<p id=\"viewer-met\">La pianificazione del benessere \u00e8 un obiettivo sempre pi\u00f9 importante nel design retail. I brand e i designer stanno studiando come l&#8217;ambiente possa influenzare il nostro benessere e come la tecnologia possa essere utilizzata insieme al design d&#8217;interni e al design dei mobili per migliorare il nostro stato di benessere.<\/p>\n\n\n\n<p id=\"viewer-2k8ey34007\">La ricerca su questo tema copre diversi settori, dal design degli interni agli spazi di lavoro e agli hotel.<\/p>\n\n\n\n<p id=\"viewer-kunjo34009\">Google si \u00e8 associata con scienziati per la mostra &#8220;Un spazio per essere&#8221; per mostrare come le diverse esperienze estetiche possano influenzare la nostra salute e il nostro benessere.<\/p>\n\n\n\n<p id=\"viewer-okgtp34011\">La mostra ha presentato tre stanze progettate utilizzando i principi della neuroestetica, una branca della scienza che esplora come l&#8217;estetica visiva possa influenzare il nostro cervello e la nostra fisiologia.<\/p>\n\n\n\n<p id=\"viewer-vqs5z34013\">Con diverse luci, suoni, profumi e texture, le stanze erano pensate per stimolare i sensi dei visitatori in modi differenti.<\/p>\n\n\n\n<p id=\"viewer-hqyt834015\">Nel frattempo, i materiali morbidi e tattili assumono la stessa importanza dei colori e aiutano a integrare la tecnologia nei nostri negozi in un modo pi\u00f9 naturale e umano.ayudan a integrar la tecnolog\u00eda en nuestras tiendas de una manera m\u00e1s natural y humana.<\/p>\n\n\n\n<h3 class=\"wp-block-heading\" id=\"viewer-c0s04\">4- Design sostenibili e circolari<\/h3>\n\n\n\n<figure class=\"wp-block-image\"><img decoding=\"async\" src=\"https:\/\/optimaretail.eu\/wp-content\/uploads\/2025\/03\/macro-tendencias-en-el-diseno-la-arquitectura-y-el-branding-retail-4.jpg\" alt=\" los dise\u00f1adores est\u00e1n convirtiendo los residuos en recursos valiosos para crear dise\u00f1os sostenibles y circulares\"\/><\/figure>\n\n\n\n<p id=\"viewer-77ovs\">Poich\u00e9 l&#8217;approccio circolare al business \u00e8 sempre pi\u00f9 popolare, il design circolare retail \u00e8 ora una priorit\u00e0 per molti brand e designer. I rifiuti non sono pi\u00f9 considerati un materiale indesiderabile n\u00e9 una minaccia per l&#8217;ambiente.<\/p>\n\n\n\n<p id=\"viewer-m78vr34332\">Al contrario, i designer stanno trasformando i rifiuti in risorse preziose per creare design sostenibili e circolari.<\/p>\n\n\n\n<p id=\"viewer-qa0hd34334\">Il designer tedesco Alexander Schul ha creato <strong>Substantial Furniture<\/strong>, una serie di pezzi di design (lampade, sedie e tavolini) realizzati interamente con plastica riciclata, facilmente producibili in grandi quantit\u00e0.<\/p>\n\n\n\n<p id=\"viewer-9ab4834338\">D&#8217;altro canto, il designer italiano Pietro Algranti crea mobili e oggetti unici a partire da materiali e rifiuti riciclati. Realizza tavoli, cucine, letti, lampade, sedie e altri oggetti utilizzando legno, ferro, alluminio, rame e ottone riciclati.<\/p>\n\n\n\n<p id=\"viewer-wgobl34340\">La cosa sorprendente \u00e8 che il designer lascia i materiali molto simili a come li trova: le irregolarit\u00e0 della superficie non sono un problema, ma rendono le opere uniche e originali.<\/p>\n\n\n\n<p><a href=\"https:\/\/optimaretail.eu\/it\/contacto\"><\/a><\/p>\n\n\n\n<div class=\"wp-block-buttons is-layout-flex wp-block-buttons-is-layout-flex\">\n<div class=\"wp-block-button has-custom-font-size is-style-fill\" style=\"font-size:15px\"><a class=\"wp-block-button__link has-white-color has-text-color has-background has-link-color wp-element-button\" href=\"https:\/\/optimaretail.eu\/it\/richiedi-un-preventivo\/\" style=\"background-color:#0086ff\">RICHIEDI UN PREVENTIVO<\/a><\/div>\n<\/div>\n","protected":false},"excerpt":{"rendered":"<p>Dopo i cambiamenti nelle abitudini di acquisto, consumo e valori provocati dalla pandemia, il 2022 \u00e8 l&#8217;anno in cui il settore retail deve riflettere e accettare la nuova realt\u00e0, abbracciando le nuove macro tendenze nel design del retail. Questo \u00e8 quanto emerge dal rapporto pubblicato da Loop New Business Models &#8220;Tendenze nel settore retail applicate [&hellip;]<\/p>\n","protected":false},"author":5,"featured_media":8858,"comment_status":"open","ping_status":"open","sticky":false,"template":"","format":"standard","meta":{"_acf_changed":false,"rop_custom_images_group":[],"rop_custom_messages_group":[],"rop_publish_now":"initial","rop_publish_now_accounts":{"facebook_122097394580933375_751730124684203":""},"rop_publish_now_history":[],"rop_publish_now_status":"pending","footnotes":""},"categories":[62],"tags":[],"class_list":["post-5865","post","type-post","status-publish","format-standard","has-post-thumbnail","hentry","category-progettazione-e-visual-merchandising"],"acf":[],"yoast_head":"<!-- This site is optimized with the Yoast SEO plugin v27.3 - https:\/\/yoast.com\/product\/yoast-seo-wordpress\/ -->\n<title>Macro tendenze nel design, Nell&#039;architettura e nel branding retail | Optima Retail<\/title>\n<meta name=\"description\" content=\"Ultime notizie su Macro tendenze nel design, Nell&#039;architettura e nel branding retail\" \/>\n<meta name=\"robots\" content=\"index, follow, max-snippet:-1, max-image-preview:large, max-video-preview:-1\" \/>\n<link rel=\"canonical\" href=\"https:\/\/optimaretail.eu\/it\/macro-tendenze-nel-design-nell-architettura-e-nel-branding-retail\/\" \/>\n<meta property=\"og:locale\" content=\"it_IT\" \/>\n<meta property=\"og:type\" content=\"article\" \/>\n<meta property=\"og:title\" content=\"Macro tendenze nel design, Nell&#039;architettura e nel branding retail | Optima Retail\" \/>\n<meta property=\"og:description\" content=\"Ultime notizie su Macro tendenze nel design, Nell&#039;architettura e nel branding retail\" \/>\n<meta property=\"og:url\" content=\"https:\/\/optimaretail.eu\/it\/macro-tendenze-nel-design-nell-architettura-e-nel-branding-retail\/\" \/>\n<meta property=\"og:site_name\" content=\"Optima Retail\" \/>\n<meta property=\"article:publisher\" content=\"https:\/\/www.facebook.com\/people\/Optima-Retail-SL\/61578005819425\/\" \/>\n<meta property=\"article:published_time\" content=\"2022-06-14T16:26:13+00:00\" \/>\n<meta property=\"article:modified_time\" content=\"2025-03-21T14:18:24+00:00\" \/>\n<meta property=\"og:image\" content=\"https:\/\/optimaretail.eu\/wp-content\/uploads\/2022\/06\/macro-tendenze-nel-design-nell-architettura-e-nel-branding-retail-1.webp\" \/>\n\t<meta property=\"og:image:width\" content=\"800\" \/>\n\t<meta property=\"og:image:height\" content=\"400\" \/>\n\t<meta property=\"og:image:type\" content=\"image\/webp\" \/>\n<meta name=\"author\" content=\"Marketing\" \/>\n<meta name=\"twitter:card\" content=\"summary_large_image\" \/>\n<meta name=\"twitter:label1\" content=\"Written by\" \/>\n\t<meta name=\"twitter:data1\" content=\"Marketing\" \/>\n\t<meta name=\"twitter:label2\" content=\"Est. reading time\" \/>\n\t<meta name=\"twitter:data2\" content=\"6 minutes\" \/>\n<script type=\"application\/ld+json\" class=\"yoast-schema-graph\">{\"@context\":\"https:\\\/\\\/schema.org\",\"@graph\":[{\"@type\":\"Article\",\"@id\":\"https:\\\/\\\/optimaretail.eu\\\/it\\\/macro-tendenze-nel-design-nell-architettura-e-nel-branding-retail\\\/#article\",\"isPartOf\":{\"@id\":\"https:\\\/\\\/optimaretail.eu\\\/it\\\/macro-tendenze-nel-design-nell-architettura-e-nel-branding-retail\\\/\"},\"author\":{\"name\":\"Marketing\",\"@id\":\"https:\\\/\\\/optimaretail.eu\\\/it\\\/#\\\/schema\\\/person\\\/df5f61697007f654d7ab48a34bbf825c\"},\"headline\":\"Macro tendenze nel design, Nell&#8217;architettura e nel branding retail\",\"datePublished\":\"2022-06-14T16:26:13+00:00\",\"dateModified\":\"2025-03-21T14:18:24+00:00\",\"mainEntityOfPage\":{\"@id\":\"https:\\\/\\\/optimaretail.eu\\\/it\\\/macro-tendenze-nel-design-nell-architettura-e-nel-branding-retail\\\/\"},\"wordCount\":1131,\"commentCount\":0,\"publisher\":{\"@id\":\"https:\\\/\\\/optimaretail.eu\\\/it\\\/#organization\"},\"image\":{\"@id\":\"https:\\\/\\\/optimaretail.eu\\\/it\\\/macro-tendenze-nel-design-nell-architettura-e-nel-branding-retail\\\/#primaryimage\"},\"thumbnailUrl\":\"https:\\\/\\\/optimaretail.eu\\\/wp-content\\\/uploads\\\/2022\\\/06\\\/macro-tendenze-nel-design-nell-architettura-e-nel-branding-retail-1.webp\",\"articleSection\":[\"Progettazione e Visual Merchandising\"],\"inLanguage\":\"it-IT\",\"potentialAction\":[{\"@type\":\"CommentAction\",\"name\":\"Comment\",\"target\":[\"https:\\\/\\\/optimaretail.eu\\\/it\\\/macro-tendenze-nel-design-nell-architettura-e-nel-branding-retail\\\/#respond\"]}]},{\"@type\":\"WebPage\",\"@id\":\"https:\\\/\\\/optimaretail.eu\\\/it\\\/macro-tendenze-nel-design-nell-architettura-e-nel-branding-retail\\\/\",\"url\":\"https:\\\/\\\/optimaretail.eu\\\/it\\\/macro-tendenze-nel-design-nell-architettura-e-nel-branding-retail\\\/\",\"name\":\"Macro tendenze nel design, Nell'architettura e nel branding retail | Optima Retail\",\"isPartOf\":{\"@id\":\"https:\\\/\\\/optimaretail.eu\\\/it\\\/#website\"},\"primaryImageOfPage\":{\"@id\":\"https:\\\/\\\/optimaretail.eu\\\/it\\\/macro-tendenze-nel-design-nell-architettura-e-nel-branding-retail\\\/#primaryimage\"},\"image\":{\"@id\":\"https:\\\/\\\/optimaretail.eu\\\/it\\\/macro-tendenze-nel-design-nell-architettura-e-nel-branding-retail\\\/#primaryimage\"},\"thumbnailUrl\":\"https:\\\/\\\/optimaretail.eu\\\/wp-content\\\/uploads\\\/2022\\\/06\\\/macro-tendenze-nel-design-nell-architettura-e-nel-branding-retail-1.webp\",\"datePublished\":\"2022-06-14T16:26:13+00:00\",\"dateModified\":\"2025-03-21T14:18:24+00:00\",\"description\":\"Ultime notizie su Macro tendenze nel design, Nell'architettura e nel branding retail\",\"breadcrumb\":{\"@id\":\"https:\\\/\\\/optimaretail.eu\\\/it\\\/macro-tendenze-nel-design-nell-architettura-e-nel-branding-retail\\\/#breadcrumb\"},\"inLanguage\":\"it-IT\",\"potentialAction\":[{\"@type\":\"ReadAction\",\"target\":[\"https:\\\/\\\/optimaretail.eu\\\/it\\\/macro-tendenze-nel-design-nell-architettura-e-nel-branding-retail\\\/\"]}]},{\"@type\":\"ImageObject\",\"inLanguage\":\"it-IT\",\"@id\":\"https:\\\/\\\/optimaretail.eu\\\/it\\\/macro-tendenze-nel-design-nell-architettura-e-nel-branding-retail\\\/#primaryimage\",\"url\":\"https:\\\/\\\/optimaretail.eu\\\/wp-content\\\/uploads\\\/2022\\\/06\\\/macro-tendenze-nel-design-nell-architettura-e-nel-branding-retail-1.webp\",\"contentUrl\":\"https:\\\/\\\/optimaretail.eu\\\/wp-content\\\/uploads\\\/2022\\\/06\\\/macro-tendenze-nel-design-nell-architettura-e-nel-branding-retail-1.webp\",\"width\":800,\"height\":400},{\"@type\":\"BreadcrumbList\",\"@id\":\"https:\\\/\\\/optimaretail.eu\\\/it\\\/macro-tendenze-nel-design-nell-architettura-e-nel-branding-retail\\\/#breadcrumb\",\"itemListElement\":[{\"@type\":\"ListItem\",\"position\":1,\"name\":\"Optima Retail\",\"item\":\"https:\\\/\\\/optimaretail.eu\\\/it\\\/\"},{\"@type\":\"ListItem\",\"position\":2,\"name\":\"Macro tendenze nel design, Nell&#8217;architettura e nel branding retail\"}]},{\"@type\":\"WebSite\",\"@id\":\"https:\\\/\\\/optimaretail.eu\\\/it\\\/#website\",\"url\":\"https:\\\/\\\/optimaretail.eu\\\/it\\\/\",\"name\":\"Optima Retail\",\"description\":\"Manutenzione al dettaglio\",\"publisher\":{\"@id\":\"https:\\\/\\\/optimaretail.eu\\\/it\\\/#organization\"},\"potentialAction\":[{\"@type\":\"SearchAction\",\"target\":{\"@type\":\"EntryPoint\",\"urlTemplate\":\"https:\\\/\\\/optimaretail.eu\\\/it\\\/?s={search_term_string}\"},\"query-input\":{\"@type\":\"PropertyValueSpecification\",\"valueRequired\":true,\"valueName\":\"search_term_string\"}}],\"inLanguage\":\"it-IT\"},{\"@type\":\"Organization\",\"@id\":\"https:\\\/\\\/optimaretail.eu\\\/it\\\/#organization\",\"name\":\"Optima Retail\",\"url\":\"https:\\\/\\\/optimaretail.eu\\\/it\\\/\",\"logo\":{\"@type\":\"ImageObject\",\"inLanguage\":\"it-IT\",\"@id\":\"https:\\\/\\\/optimaretail.eu\\\/it\\\/#\\\/schema\\\/logo\\\/image\\\/\",\"url\":\"https:\\\/\\\/optimaretail.eu\\\/wp-content\\\/uploads\\\/2025\\\/02\\\/kit-por-defecto.svg\",\"contentUrl\":\"https:\\\/\\\/optimaretail.eu\\\/wp-content\\\/uploads\\\/2025\\\/02\\\/kit-por-defecto.svg\",\"width\":499,\"height\":93,\"caption\":\"Optima Retail\"},\"image\":{\"@id\":\"https:\\\/\\\/optimaretail.eu\\\/it\\\/#\\\/schema\\\/logo\\\/image\\\/\"},\"sameAs\":[\"https:\\\/\\\/www.facebook.com\\\/people\\\/Optima-Retail-SL\\\/61578005819425\\\/\"]},{\"@type\":\"Person\",\"@id\":\"https:\\\/\\\/optimaretail.eu\\\/it\\\/#\\\/schema\\\/person\\\/df5f61697007f654d7ab48a34bbf825c\",\"name\":\"Marketing\"}]}<\/script>\n<!-- \/ Yoast SEO plugin. -->","yoast_head_json":{"title":"Macro tendenze nel design, Nell'architettura e nel branding retail | Optima Retail","description":"Ultime notizie su Macro tendenze nel design, Nell'architettura e nel branding retail","robots":{"index":"index","follow":"follow","max-snippet":"max-snippet:-1","max-image-preview":"max-image-preview:large","max-video-preview":"max-video-preview:-1"},"canonical":"https:\/\/optimaretail.eu\/it\/macro-tendenze-nel-design-nell-architettura-e-nel-branding-retail\/","og_locale":"it_IT","og_type":"article","og_title":"Macro tendenze nel design, Nell'architettura e nel branding retail | Optima Retail","og_description":"Ultime notizie su Macro tendenze nel design, Nell'architettura e nel branding retail","og_url":"https:\/\/optimaretail.eu\/it\/macro-tendenze-nel-design-nell-architettura-e-nel-branding-retail\/","og_site_name":"Optima Retail","article_publisher":"https:\/\/www.facebook.com\/people\/Optima-Retail-SL\/61578005819425\/","article_published_time":"2022-06-14T16:26:13+00:00","article_modified_time":"2025-03-21T14:18:24+00:00","og_image":[{"width":800,"height":400,"url":"https:\/\/optimaretail.eu\/wp-content\/uploads\/2022\/06\/macro-tendenze-nel-design-nell-architettura-e-nel-branding-retail-1.webp","type":"image\/webp"}],"author":"Marketing","twitter_card":"summary_large_image","twitter_misc":{"Written by":"Marketing","Est. reading time":"6 minutes"},"schema":{"@context":"https:\/\/schema.org","@graph":[{"@type":"Article","@id":"https:\/\/optimaretail.eu\/it\/macro-tendenze-nel-design-nell-architettura-e-nel-branding-retail\/#article","isPartOf":{"@id":"https:\/\/optimaretail.eu\/it\/macro-tendenze-nel-design-nell-architettura-e-nel-branding-retail\/"},"author":{"name":"Marketing","@id":"https:\/\/optimaretail.eu\/it\/#\/schema\/person\/df5f61697007f654d7ab48a34bbf825c"},"headline":"Macro tendenze nel design, Nell&#8217;architettura e nel branding retail","datePublished":"2022-06-14T16:26:13+00:00","dateModified":"2025-03-21T14:18:24+00:00","mainEntityOfPage":{"@id":"https:\/\/optimaretail.eu\/it\/macro-tendenze-nel-design-nell-architettura-e-nel-branding-retail\/"},"wordCount":1131,"commentCount":0,"publisher":{"@id":"https:\/\/optimaretail.eu\/it\/#organization"},"image":{"@id":"https:\/\/optimaretail.eu\/it\/macro-tendenze-nel-design-nell-architettura-e-nel-branding-retail\/#primaryimage"},"thumbnailUrl":"https:\/\/optimaretail.eu\/wp-content\/uploads\/2022\/06\/macro-tendenze-nel-design-nell-architettura-e-nel-branding-retail-1.webp","articleSection":["Progettazione e Visual Merchandising"],"inLanguage":"it-IT","potentialAction":[{"@type":"CommentAction","name":"Comment","target":["https:\/\/optimaretail.eu\/it\/macro-tendenze-nel-design-nell-architettura-e-nel-branding-retail\/#respond"]}]},{"@type":"WebPage","@id":"https:\/\/optimaretail.eu\/it\/macro-tendenze-nel-design-nell-architettura-e-nel-branding-retail\/","url":"https:\/\/optimaretail.eu\/it\/macro-tendenze-nel-design-nell-architettura-e-nel-branding-retail\/","name":"Macro tendenze nel design, Nell'architettura e nel branding retail | Optima Retail","isPartOf":{"@id":"https:\/\/optimaretail.eu\/it\/#website"},"primaryImageOfPage":{"@id":"https:\/\/optimaretail.eu\/it\/macro-tendenze-nel-design-nell-architettura-e-nel-branding-retail\/#primaryimage"},"image":{"@id":"https:\/\/optimaretail.eu\/it\/macro-tendenze-nel-design-nell-architettura-e-nel-branding-retail\/#primaryimage"},"thumbnailUrl":"https:\/\/optimaretail.eu\/wp-content\/uploads\/2022\/06\/macro-tendenze-nel-design-nell-architettura-e-nel-branding-retail-1.webp","datePublished":"2022-06-14T16:26:13+00:00","dateModified":"2025-03-21T14:18:24+00:00","description":"Ultime notizie su Macro tendenze nel design, Nell'architettura e nel branding retail","breadcrumb":{"@id":"https:\/\/optimaretail.eu\/it\/macro-tendenze-nel-design-nell-architettura-e-nel-branding-retail\/#breadcrumb"},"inLanguage":"it-IT","potentialAction":[{"@type":"ReadAction","target":["https:\/\/optimaretail.eu\/it\/macro-tendenze-nel-design-nell-architettura-e-nel-branding-retail\/"]}]},{"@type":"ImageObject","inLanguage":"it-IT","@id":"https:\/\/optimaretail.eu\/it\/macro-tendenze-nel-design-nell-architettura-e-nel-branding-retail\/#primaryimage","url":"https:\/\/optimaretail.eu\/wp-content\/uploads\/2022\/06\/macro-tendenze-nel-design-nell-architettura-e-nel-branding-retail-1.webp","contentUrl":"https:\/\/optimaretail.eu\/wp-content\/uploads\/2022\/06\/macro-tendenze-nel-design-nell-architettura-e-nel-branding-retail-1.webp","width":800,"height":400},{"@type":"BreadcrumbList","@id":"https:\/\/optimaretail.eu\/it\/macro-tendenze-nel-design-nell-architettura-e-nel-branding-retail\/#breadcrumb","itemListElement":[{"@type":"ListItem","position":1,"name":"Optima Retail","item":"https:\/\/optimaretail.eu\/it\/"},{"@type":"ListItem","position":2,"name":"Macro tendenze nel design, Nell&#8217;architettura e nel branding retail"}]},{"@type":"WebSite","@id":"https:\/\/optimaretail.eu\/it\/#website","url":"https:\/\/optimaretail.eu\/it\/","name":"Optima Retail","description":"Manutenzione al dettaglio","publisher":{"@id":"https:\/\/optimaretail.eu\/it\/#organization"},"potentialAction":[{"@type":"SearchAction","target":{"@type":"EntryPoint","urlTemplate":"https:\/\/optimaretail.eu\/it\/?s={search_term_string}"},"query-input":{"@type":"PropertyValueSpecification","valueRequired":true,"valueName":"search_term_string"}}],"inLanguage":"it-IT"},{"@type":"Organization","@id":"https:\/\/optimaretail.eu\/it\/#organization","name":"Optima Retail","url":"https:\/\/optimaretail.eu\/it\/","logo":{"@type":"ImageObject","inLanguage":"it-IT","@id":"https:\/\/optimaretail.eu\/it\/#\/schema\/logo\/image\/","url":"https:\/\/optimaretail.eu\/wp-content\/uploads\/2025\/02\/kit-por-defecto.svg","contentUrl":"https:\/\/optimaretail.eu\/wp-content\/uploads\/2025\/02\/kit-por-defecto.svg","width":499,"height":93,"caption":"Optima Retail"},"image":{"@id":"https:\/\/optimaretail.eu\/it\/#\/schema\/logo\/image\/"},"sameAs":["https:\/\/www.facebook.com\/people\/Optima-Retail-SL\/61578005819425\/"]},{"@type":"Person","@id":"https:\/\/optimaretail.eu\/it\/#\/schema\/person\/df5f61697007f654d7ab48a34bbf825c","name":"Marketing"}]}},"_links":{"self":[{"href":"https:\/\/optimaretail.eu\/it\/wp-json\/wp\/v2\/posts\/5865","targetHints":{"allow":["GET"]}}],"collection":[{"href":"https:\/\/optimaretail.eu\/it\/wp-json\/wp\/v2\/posts"}],"about":[{"href":"https:\/\/optimaretail.eu\/it\/wp-json\/wp\/v2\/types\/post"}],"author":[{"embeddable":true,"href":"https:\/\/optimaretail.eu\/it\/wp-json\/wp\/v2\/users\/5"}],"replies":[{"embeddable":true,"href":"https:\/\/optimaretail.eu\/it\/wp-json\/wp\/v2\/comments?post=5865"}],"version-history":[{"count":1,"href":"https:\/\/optimaretail.eu\/it\/wp-json\/wp\/v2\/posts\/5865\/revisions"}],"predecessor-version":[{"id":9810,"href":"https:\/\/optimaretail.eu\/it\/wp-json\/wp\/v2\/posts\/5865\/revisions\/9810"}],"wp:featuredmedia":[{"embeddable":true,"href":"https:\/\/optimaretail.eu\/it\/wp-json\/wp\/v2\/media\/8858"}],"wp:attachment":[{"href":"https:\/\/optimaretail.eu\/it\/wp-json\/wp\/v2\/media?parent=5865"}],"wp:term":[{"taxonomy":"category","embeddable":true,"href":"https:\/\/optimaretail.eu\/it\/wp-json\/wp\/v2\/categories?post=5865"},{"taxonomy":"post_tag","embeddable":true,"href":"https:\/\/optimaretail.eu\/it\/wp-json\/wp\/v2\/tags?post=5865"}],"curies":[{"name":"wp","href":"https:\/\/api.w.org\/{rel}","templated":true}]}}